{"id":1016,"date":"2016-06-10T17:28:15","date_gmt":"2016-06-10T17:28:15","guid":{"rendered":"http:\/\/www.pacovidal.es\/blog\/?p=1016"},"modified":"2017-07-03T09:20:16","modified_gmt":"2017-07-03T07:20:16","slug":"gerasa-la-amada-de-adriano","status":"publish","type":"post","link":"https:\/\/www.pacovidal.es\/blog\/gerasa-la-amada-de-adriano\/","title":{"rendered":"Gerasa, la amada de Adriano"},"content":{"rendered":"<p><em>\u00a0 \u00a0 \u00a0 \u00a0 \u00a0 \u00a0 \u00a0 \u00a0 \u00a0 \u00a0 \u00a0 \u00a0 \u00a0 \u00a0 \u00a0 \u00a0<\/em> <em>\u00a0 \u00a0 \u00a0 \u00a0<\/em> <em>\u00a0 \u00a0 \u00a0 \u00a0 \u00a0 \u00a0 \u00a0 \u00a0 \u00a0 \u00a0 \u00a0 \u00a0 \u00a0 \u00a0 (Cuna de civilizaciones, \u00a0 6)<\/em><\/p>\n<h4 style=\"text-align: center;\">De \u00c1caba a Gerasa<\/h4>\n<p>Los autobuses de la Trauks International Transport tienen sus oficinas en la calle Al Saada \u00a0frente al City Hotel y al restaurante \u00a0Captoira, uno de los mejores de \u00c1caba. Estos autobuses, perfectamente equipados, cubren en cuatro horas los 360 kil\u00f3metros que separan Amman de \u00c1caba, a trav\u00e9s de la <em>ruta del desierto.<\/em><\/p>\n<p>Nuestra salida hacia la capital del reino Hachemita la efectuamos, con puntualidad japonesa, a las 7.30. de la ma\u00f1ana, como est\u00e1 anunciado en el tabl\u00f3n de horarios.<\/p>\n<p>Como quiera que la mayor\u00eda del recorrido es por un desierto carente de un atractivo especial, \u00a0dedico el tiempo a repasar apuntes y poner un poco de orden en escritos pasados y actuales.<\/p>\n<figure id=\"attachment_1037\" aria-describedby=\"caption-attachment-1037\" style=\"width: 300px\" class=\"wp-caption alignleft\"><a href=\"https:\/\/www.pacovidal.es\/blog\/wp-content\/uploads\/2016\/06\/Gerasa-Amman-paisaje-de-nieve-FILEminimizer.jpg\"><img loading=\"lazy\" decoding=\"async\" class=\"wp-image-1037 size-medium\" src=\"https:\/\/www.pacovidal.es\/blog\/wp-content\/uploads\/2016\/06\/Gerasa-Amman-paisaje-de-nieve-FILEminimizer-300x160.jpg\" alt=\"Gerasa Amman paisaje de nieve (FILEminimizer)\" width=\"300\" height=\"160\" srcset=\"https:\/\/www.pacovidal.es\/blog\/wp-content\/uploads\/2016\/06\/Gerasa-Amman-paisaje-de-nieve-FILEminimizer-300x160.jpg 300w, https:\/\/www.pacovidal.es\/blog\/wp-content\/uploads\/2016\/06\/Gerasa-Amman-paisaje-de-nieve-FILEminimizer-768x411.jpg 768w, https:\/\/www.pacovidal.es\/blog\/wp-content\/uploads\/2016\/06\/Gerasa-Amman-paisaje-de-nieve-FILEminimizer.jpg 898w\" sizes=\"auto, (max-width: 300px) 100vw, 300px\" \/><\/a><figcaption id=\"caption-attachment-1037\" class=\"wp-caption-text\">Amman nevada<\/figcaption><\/figure>\n<p>La temperatura y condiciones meteorol\u00f3gicas han cambiado radicalmente entre el punto de origen y el final del trayecto. Mientras en \u00c1caba and\u00e1bamos en manga corta, en Amman hace un fr\u00edo espantoso, por lo que tenemos que echar mano del anorak.<\/p>\n<p>El taxi que tomamos en la estaci\u00f3n de autobuses, nos conduce por requerimiento nuestro, a la embajada siria, con el fin de conseguir el correspondiente visado. El mismo lo necesitaremos en los pr\u00f3ximos d\u00edas, ya que entra en nuestros planes visitar la legendaria ciudad de Palm\u00edra, a orillas del r\u00edo E\u00fafrates. Como se desprende del escrito, el viaje que narramos se efectu\u00f3 antes de la fratricida guerra que asola actualmente el pa\u00eds de los Omeyas.<\/p>\n<p>Las peripecias del joven Daniel, conduciendo endiabladamente por las dif\u00edciles calles de Amman con el fin de llegar a tiempo a la embajada, de nada sirven, ya que cuando llegamos a ella, el departamento de visados est\u00e1 cerrado. Est\u00e1 cerrado durante los pr\u00f3ximos tres d\u00edas ya que ma\u00f1ana es viernes, (d\u00eda santo en el mundo musulm\u00e1n) \u00a0y al ser el domingo cumplea\u00f1os del rey Abdul\u00e1 es fiesta en Jordania, por lo que el s\u00e1bado hacen puente.<\/p>\n<p>Decidimos dormir en el Sufara Hotel, m\u00e1s por la buena ubicaci\u00f3n, que por ser este de nuestro agrado. El mismo se encuentra en el centro de la ciudad antigua de Amman, junto al Anfiteatro Romano.<\/p>\n<p>Con tres d\u00edas de fiesta por delante y sin tener muy claro que derroteros tomar, decidimos salir a sacar dinero y dar una vuelta por la <em>Dawn Tawn.<\/em><\/p>\n<p>No han transcurrido ni 20 minutos, cuando se desencadena una tormenta de nieve que incrementa la, ya por si, ca\u00f3tica circulaci\u00f3n, tanto peatonal como rodada. Lo que hace bastante dificultoso moverse por sus calles.<\/p>\n<p>Ante tal situaci\u00f3n, entramos en un sencillo restaurante, desde el cual, con los est\u00f3magos llenos y dinero en los bolsillos, volvemos al hotel, d\u00f3nde nos quedamos dormidos, tratando de ordenar nuestro futuro sin conseguirlo del todo.<\/p>\n<figure id=\"attachment_1036\" aria-describedby=\"caption-attachment-1036\" style=\"width: 300px\" class=\"wp-caption alignright\"><a href=\"https:\/\/www.pacovidal.es\/blog\/wp-content\/uploads\/2016\/06\/Gerasa-nieve-en-Amman-FILEminimizer.jpg\"><img loading=\"lazy\" decoding=\"async\" class=\"wp-image-1036 size-medium\" src=\"https:\/\/www.pacovidal.es\/blog\/wp-content\/uploads\/2016\/06\/Gerasa-nieve-en-Amman-FILEminimizer-300x185.jpg\" alt=\"Gerasa nieve en Amman (FILEminimizer)\" width=\"300\" height=\"185\" srcset=\"https:\/\/www.pacovidal.es\/blog\/wp-content\/uploads\/2016\/06\/Gerasa-nieve-en-Amman-FILEminimizer-300x185.jpg 300w, https:\/\/www.pacovidal.es\/blog\/wp-content\/uploads\/2016\/06\/Gerasa-nieve-en-Amman-FILEminimizer-768x474.jpg 768w, https:\/\/www.pacovidal.es\/blog\/wp-content\/uploads\/2016\/06\/Gerasa-nieve-en-Amman-FILEminimizer.jpg 778w\" sizes=\"auto, (max-width: 300px) 100vw, 300px\" \/><\/a><figcaption id=\"caption-attachment-1036\" class=\"wp-caption-text\">Vistas desde la habitaci\u00f3n del hotel<\/figcaption><\/figure>\n<p>Cuando corremos las cortinas de nuestra habitaci\u00f3n no damos cr\u00e9dito a lo que vemos. Las calles, a pesar de ser las ocho de la ma\u00f1ana, est\u00e1n totalmente desiertas, y un blanco manto de inmaculada nieve cubre todo cuanto abarca nuestra vista. \u00a1Una nevada de estas dimensiones no pod\u00edamos imaginarla en la des\u00e9rtica Jordania! Nos cuentan que algo similar ocurri\u00f3 por \u00faltima vez hace m\u00e1s de medio siglo.<\/p>\n<p>Cuando estamos desayunando llega Daniel, con el que hab\u00edamos quedado el d\u00eda anterior para desplazarnos a la ciudad de <strong>Jerash,\u00a0<\/strong>distante unos 50 kil\u00f3metros al noroeste de Amman.<\/p>\n<figure id=\"attachment_1038\" aria-describedby=\"caption-attachment-1038\" style=\"width: 300px\" class=\"wp-caption alignleft\"><a href=\"https:\/\/www.pacovidal.es\/blog\/wp-content\/uploads\/2016\/06\/Gerasa-amman-rotulo-de-jerash-FILEminimizer.jpg\"><img loading=\"lazy\" decoding=\"async\" class=\"wp-image-1038 size-medium\" src=\"https:\/\/www.pacovidal.es\/blog\/wp-content\/uploads\/2016\/06\/Gerasa-amman-rotulo-de-jerash-FILEminimizer-300x156.jpg\" alt=\"Gerasa amman rotulo de jerash (FILEminimizer)\" width=\"300\" height=\"156\" srcset=\"https:\/\/www.pacovidal.es\/blog\/wp-content\/uploads\/2016\/06\/Gerasa-amman-rotulo-de-jerash-FILEminimizer-300x156.jpg 300w, https:\/\/www.pacovidal.es\/blog\/wp-content\/uploads\/2016\/06\/Gerasa-amman-rotulo-de-jerash-FILEminimizer-768x400.jpg 768w, https:\/\/www.pacovidal.es\/blog\/wp-content\/uploads\/2016\/06\/Gerasa-amman-rotulo-de-jerash-FILEminimizer.jpg 922w\" sizes=\"auto, (max-width: 300px) 100vw, 300px\" \/><\/a><figcaption id=\"caption-attachment-1038\" class=\"wp-caption-text\">Salida hacia Jerash<\/figcaption><\/figure>\n<p>Nos advierte que no sabe si podremos llegar a nuestro destino, ya que seg\u00fan informaci\u00f3n radiof\u00f3nica, la carretera que une Amman con Jerash est\u00e1 cortada al tr\u00e1fico. Lo que si queda totalmente descartado es acercarnos hasta la frontera siria puesto que las comunicaciones entre ambos pa\u00edses est\u00e1n suspendidas debido a las condiciones meteorol\u00f3gicas. Esta \u00faltima opci\u00f3n la hab\u00edamos barajado pensando que tal vez en la misma frontera pod\u00edamos conseguir los visados, al no poder obtenerlos en la embajada siria de Amman.<\/p>\n<p>Ante tal situaci\u00f3n, decidimos visitar Jerash, siempre que sea posible. Regresar a Amman y de nuevo a \u00c1caba, para intentar entrar a Israel por Eliot, ya que el tiempo en aquella zona sigue siendo espl\u00e9ndido.<\/p>\n<h4 style=\"text-align: center;\">Mientras la Metr\u00f3polis se desangra, las provincias florecen<\/h4>\n<figure id=\"attachment_1035\" aria-describedby=\"caption-attachment-1035\" style=\"width: 300px\" class=\"wp-caption alignleft\"><a href=\"https:\/\/www.pacovidal.es\/blog\/wp-content\/uploads\/2016\/06\/jerash-plano-FILEminimizer.png\"><img loading=\"lazy\" decoding=\"async\" class=\"wp-image-1035 size-medium\" src=\"https:\/\/www.pacovidal.es\/blog\/wp-content\/uploads\/2016\/06\/jerash-plano-FILEminimizer-300x192.png\" alt=\"jerash, plano (FILEminimizer)\" width=\"300\" height=\"192\" srcset=\"https:\/\/www.pacovidal.es\/blog\/wp-content\/uploads\/2016\/06\/jerash-plano-FILEminimizer-300x192.png 300w, https:\/\/www.pacovidal.es\/blog\/wp-content\/uploads\/2016\/06\/jerash-plano-FILEminimizer.png 679w\" sizes=\"auto, (max-width: 300px) 100vw, 300px\" \/><\/a><figcaption id=\"caption-attachment-1035\" class=\"wp-caption-text\">Plano de Jerash<\/figcaption><\/figure>\n<p>Jerash, a la que llegamos, no sin ciertas dificultades, hace honor a su fama. Aunque se habla de asentamientos humanos en esta zona que datan del tercer milenio anterior a Cristo, lo que realmente queda de ella para el observador normal es la \u00a0ciudad romana. Sobre todo si tenemos en cuenta que son las ruinas de ciudad romana mejor conservadas de todo el Pr\u00f3ximo Oriente. Despu\u00e9s de haber dormido durante siglos bajo las arenas del desierto, en 1.806 fue descubierta por el investigador alem\u00e1n Ulrich Jasper.<\/p>\n<figure id=\"attachment_1039\" aria-describedby=\"caption-attachment-1039\" style=\"width: 300px\" class=\"wp-caption alignright\"><a href=\"https:\/\/www.pacovidal.es\/blog\/wp-content\/uploads\/2016\/06\/Gerasa-jerash-el-corso-FILEminimizer.jpg\"><img loading=\"lazy\" decoding=\"async\" class=\"wp-image-1039 size-medium\" src=\"https:\/\/www.pacovidal.es\/blog\/wp-content\/uploads\/2016\/06\/Gerasa-jerash-el-corso-FILEminimizer-300x210.jpg\" alt=\"Gerasa jerash, el corso (FILEminimizer)\" width=\"300\" height=\"210\" srcset=\"https:\/\/www.pacovidal.es\/blog\/wp-content\/uploads\/2016\/06\/Gerasa-jerash-el-corso-FILEminimizer-300x210.jpg 300w, https:\/\/www.pacovidal.es\/blog\/wp-content\/uploads\/2016\/06\/Gerasa-jerash-el-corso-FILEminimizer.jpg 687w\" sizes=\"auto, (max-width: 300px) 100vw, 300px\" \/><\/a><figcaption id=\"caption-attachment-1039\" class=\"wp-caption-text\">Cardo de Gerasa<\/figcaption><\/figure>\n<p>Conforme se le liberaba de toneladas y toneladas de arena Gerasa (nombre con el que se conoc\u00eda en la \u00e9poca romana) iba dejando al descubierto la importancia alcanzada en su \u00e9poca de mayor esplendor, entre los siglos I a.d.C. y II de nuestra era.<\/p>\n<p>Mientras en los confines del Imperio, que abarcaba desde Hispania a Dacia y desde Britania a Siria, se desarrollaban ejemplos como el de Jerash, \u00a0el coraz\u00f3n de la Matr\u00f3polis \u00a0\u00a0era devorado por la desmedida ambici\u00f3n de sus pol\u00edticos y la lucha por el poder entre los diferentes clanes y familias, tanto dentro como fuera del propio Senado, como tan magistralmente, nos narra <strong>Santiago Posteguillo<\/strong> en su trilog\u00eda sobre <strong>TRAJANO. <\/strong>De \u00ab<strong>Los Asesinos del Emperador\u00bb,<\/strong>\u00a0primer volumen de dicha trilog\u00eda,<strong>\u00a0<\/strong>\u00a0entresacamos el siguiente ilustrativo p\u00e1rrafo.<\/p>\n<p style=\"padding-left: 90px;\"><em>\u00abLa cabeza de <strong>Servio Sulpicio Galva,<\/strong> <span style=\"text-decoration: underline;\">Imperator Caesar Augustus,<\/span> estaba clavada en una larga estaca en el coraz\u00f3n de Roma, en mitad del foro, frente al templo de Vesta. Miraba con los ojos en blanco, la boca torcida y la tez p\u00e1lida a los curiosos que a\u00fan ten\u00edan la valent\u00eda de recorrer las calles de la ciudad aquella tarde. Ten\u00eda moratones y cortes en ambas mejillas, fruto de su vano intento por defenderse de unos pretorianos enloquecidos y hartos de que el emperador no cumpliera su promesa de darles el pago comprometido y acostumbrado tras su ascenso al poder. Su ca\u00edda fue r\u00e1pida: s\u00f3lo siete meses desde su nombramiento como sucesor de Ner\u00f3n. Alrededor hab\u00eda otras tres estacas con dos de los m\u00e1s fieles oficiales de Galba, Vinio e Icelo, y una \u00faltima lanza con la cabeza de Lucio Calpurnio Pis\u00f3n Liciniano, a quien Galba hab\u00eda adoptado como sucesor para dar inicio a una nueva dinast\u00eda. El cr\u00e1neo de este \u00faltimo hab\u00eda sido perforado por la punta de un asta pretoriana hasta asomar por la frente partida de quien hab\u00eda so\u00f1ado ser pronto emperador tambi\u00e9n\u00bb.<\/em><\/p>\n<figure id=\"attachment_1040\" aria-describedby=\"caption-attachment-1040\" style=\"width: 300px\" class=\"wp-caption alignleft\"><a href=\"https:\/\/www.pacovidal.es\/blog\/wp-content\/uploads\/2016\/06\/Gerasa-Jerash-el-foro-FILEminimizer.jpg\"><img loading=\"lazy\" decoding=\"async\" class=\"wp-image-1040 size-medium\" src=\"https:\/\/www.pacovidal.es\/blog\/wp-content\/uploads\/2016\/06\/Gerasa-Jerash-el-foro-FILEminimizer-300x164.jpg\" alt=\"Gerasa Jerash el foro (FILEminimizer)\" width=\"300\" height=\"164\" srcset=\"https:\/\/www.pacovidal.es\/blog\/wp-content\/uploads\/2016\/06\/Gerasa-Jerash-el-foro-FILEminimizer-300x164.jpg 300w, https:\/\/www.pacovidal.es\/blog\/wp-content\/uploads\/2016\/06\/Gerasa-Jerash-el-foro-FILEminimizer-768x421.jpg 768w, https:\/\/www.pacovidal.es\/blog\/wp-content\/uploads\/2016\/06\/Gerasa-Jerash-el-foro-FILEminimizer.jpg 876w\" sizes=\"auto, (max-width: 300px) 100vw, 300px\" \/><\/a><figcaption id=\"caption-attachment-1040\" class=\"wp-caption-text\">Gerasa, Foro<\/figcaption><\/figure>\n<p>Es posible que alguien piense que la cita anterior no viene a cuento. Sin embargo, consideramos \u00a0que sabiendo lo que suced\u00eda en Roma se aprecie m\u00e1s los trabajos realizados en una ciudad de provincia como era Gerasa.<\/p>\n<p style=\"text-align: left;\">Ha sido la propia naturaleza, las especiales condiciones clim\u00e1ticas de estas latitudes. El haber estado durante siglos bajo una tierra seca y poco erosionante, lo que ha hecho que cuando paseamos por la Gerasa romana , con un poco de imaginaci\u00f3n, podamos ver como se desenvolv\u00eda la vida en una ciudad de sus caracter\u00edsticas durante los siglos que giran alrededor del nacimiento de Cristo.<\/p>\n<h4 style=\"text-align: center;\">\u00a1 La ciudad al completo pod\u00eda asistir al espect\u00e1culo!<\/h4>\n<figure id=\"attachment_1042\" aria-describedby=\"caption-attachment-1042\" style=\"width: 270px\" class=\"wp-caption alignleft\"><a href=\"https:\/\/www.pacovidal.es\/blog\/wp-content\/uploads\/2016\/06\/Jerach-columnada-FILEminimizer.jpg\"><img loading=\"lazy\" decoding=\"async\" class=\"wp-image-1042 size-full\" src=\"https:\/\/www.pacovidal.es\/blog\/wp-content\/uploads\/2016\/06\/Jerach-columnada-FILEminimizer.jpg\" alt=\"Jerach, columnada (FILEminimizer)\" width=\"270\" height=\"180\" \/><\/a><figcaption id=\"caption-attachment-1042\" class=\"wp-caption-text\">Columnas de Gerasa<\/figcaption><\/figure>\n<p>Todo en esta ciudad es perfectamente reconocible. Hasta el m\u00e1s ne\u00f3fito de los mortales en Arqueolog\u00eda o Historia, es capaz de situarse en ella y distinguir \u00a0la <strong>Puerta Sur<\/strong> de la <strong>Puerta Norte, <\/strong>unidas por el <strong>Cardo<\/strong>\u00a0 o calle principal, de 600 metros de longitud. Tan magn\u00e1nimo ha sido el entorno con estas ruinas que en la piedras que forman el pavimento del <strong>Cardo<\/strong>\u00a0pueden verse las huellas dejadas por los carruajes hace miles de a\u00f1os.<\/p>\n<p style=\"text-align: left;\"><strong>El Hip\u00f3dromo<\/strong>, con un aforo de 15.000 espectadores (\u00a1toda la ciudad pod\u00eda asistir al espect\u00e1culo!) y unas dimensiones, en su arena, de 250 metros de largo por 50 de ancho, es otra de sus obras maestras.<\/p>\n<figure id=\"attachment_1041\" aria-describedby=\"caption-attachment-1041\" style=\"width: 300px\" class=\"wp-caption alignleft\"><a href=\"https:\/\/www.pacovidal.es\/blog\/wp-content\/uploads\/2016\/06\/Gerasa-jerash-teatro-FILEminimizer.jpg\"><img loading=\"lazy\" decoding=\"async\" class=\"wp-image-1041 size-medium\" src=\"https:\/\/www.pacovidal.es\/blog\/wp-content\/uploads\/2016\/06\/Gerasa-jerash-teatro-FILEminimizer-300x188.jpg\" alt=\"Gerasa jerash, teatro (FILEminimizer)\" width=\"300\" height=\"188\" srcset=\"https:\/\/www.pacovidal.es\/blog\/wp-content\/uploads\/2016\/06\/Gerasa-jerash-teatro-FILEminimizer-300x188.jpg 300w, https:\/\/www.pacovidal.es\/blog\/wp-content\/uploads\/2016\/06\/Gerasa-jerash-teatro-FILEminimizer.jpg 768w\" sizes=\"auto, (max-width: 300px) 100vw, 300px\" \/><\/a><figcaption id=\"caption-attachment-1041\" class=\"wp-caption-text\">Gerasa, teatro<\/figcaption><\/figure>\n<p style=\"text-align: left;\">\u00bfQue ciudad actual de 20.000 habitantes se podr\u00eda permitir el lujo de tener dos teatros como los ten\u00eda Jerash. El<strong> Teatro Norte<\/strong> y el <strong>Teatro Sur,\u00a0<\/strong>cada uno de ellos con capacidad para 4.000 personas.<\/p>\n<p style=\"text-align: left;\">El <strong>Foro,\u00a0<\/strong>intr\u00ednsico a toda ciudad romana, re\u00fane unas caracter\u00edsticas especiales, ya que el mismo es oval, pavimentado con enormes losas de piedra formando \u00f3valos conc\u00e9ntricos de mayor a menor, hasta cerrarse en un podio que existe en el centro del mismo.<\/p>\n<figure id=\"attachment_1043\" aria-describedby=\"caption-attachment-1043\" style=\"width: 223px\" class=\"wp-caption alignleft\"><a href=\"https:\/\/www.pacovidal.es\/blog\/wp-content\/uploads\/2016\/06\/Gerasa-jerash-el-corso-con-mi-FILEminimizer.jpg\"><img loading=\"lazy\" decoding=\"async\" class=\"wp-image-1043 size-medium\" src=\"https:\/\/www.pacovidal.es\/blog\/wp-content\/uploads\/2016\/06\/Gerasa-jerash-el-corso-con-mi-FILEminimizer-223x300.jpg\" alt=\"Gerasa jerash, el corso con mi (FILEminimizer)\" width=\"223\" height=\"300\" srcset=\"https:\/\/www.pacovidal.es\/blog\/wp-content\/uploads\/2016\/06\/Gerasa-jerash-el-corso-con-mi-FILEminimizer-223x300.jpg 223w, https:\/\/www.pacovidal.es\/blog\/wp-content\/uploads\/2016\/06\/Gerasa-jerash-el-corso-con-mi-FILEminimizer.jpg 640w\" sizes=\"auto, (max-width: 223px) 100vw, 223px\" \/><\/a><figcaption id=\"caption-attachment-1043\" class=\"wp-caption-text\">Huellas sobre las piedras<\/figcaption><\/figure>\n<p style=\"text-align: left;\">\u00bfComo olvidar el <strong>Templo de Zeus,\u00a0<\/strong>anterior a la \u00e9poca romana, pero conservado y respetado, el <strong>\u00c1gora<\/strong>, el<strong> Templo de Artemisa,<\/strong> diosa de Jerash, y tantos y tantos edificios y obras civiles que har\u00edan el deleite de cualquier investigador?.<\/p>\n<p style=\"text-align: left;\">Se dice que Adriano, el emperador viajero, sent\u00eda un gran aprecio por esta ciudad, y Gerasa se lo agradeci\u00f3 obsequi\u00e1ndole con el magnifico arco <strong>(Arco de Adriano)\u00a0<\/strong>que \u00a0cualquier viajero puede disfrutar en su visita a las ruinas de Jerash.<\/p>\n<figure id=\"attachment_1052\" aria-describedby=\"caption-attachment-1052\" style=\"width: 300px\" class=\"wp-caption alignright\"><a href=\"https:\/\/www.pacovidal.es\/blog\/wp-content\/uploads\/2016\/06\/Gerasa-jerash-arco-de-Adriano-FILEminimizer.jpg\"><img loading=\"lazy\" decoding=\"async\" class=\"wp-image-1052 size-medium\" src=\"https:\/\/www.pacovidal.es\/blog\/wp-content\/uploads\/2016\/06\/Gerasa-jerash-arco-de-Adriano-FILEminimizer-300x177.jpg\" alt=\"Gerasa jerash, arco de Adriano (FILEminimizer)\" width=\"300\" height=\"177\" srcset=\"https:\/\/www.pacovidal.es\/blog\/wp-content\/uploads\/2016\/06\/Gerasa-jerash-arco-de-Adriano-FILEminimizer-300x177.jpg 300w, https:\/\/www.pacovidal.es\/blog\/wp-content\/uploads\/2016\/06\/Gerasa-jerash-arco-de-Adriano-FILEminimizer-768x453.jpg 768w, https:\/\/www.pacovidal.es\/blog\/wp-content\/uploads\/2016\/06\/Gerasa-jerash-arco-de-Adriano-FILEminimizer.jpg 814w\" sizes=\"auto, (max-width: 300px) 100vw, 300px\" \/><\/a><figcaption id=\"caption-attachment-1052\" class=\"wp-caption-text\">Arco de Adriano<\/figcaption><\/figure>\n<p style=\"text-align: left;\">Tanto\u00a0<strong><em>\u00abderroche\u00bb\u00a0<\/em><\/strong>constructivo nos lleva a dos posibilidades; o bien Gerasa era un centro de ocio, d\u00f3nde acud\u00eda la oficialidad y el generalato de las legiones imperiales y los mercaderes de las colonias orientales del <strong>IMPERIO, <\/strong>a resarcirse de sus d\u00edas de carencia,\u00a0\u00a0o los gobernantes despilfarradores no es una cosa de aqu\u00ed ni de ahora.<\/p>\n<p style=\"text-align: left;\">De cualquier manera lo que si es cierto, es que los aeropuertos y estaciones de AVE inservibles \u00a0-y por tanto abandonadas- \u00a0no revestir\u00e1n dentro de miles de a\u00f1os, el esplendor y carisma que portan hoy las construcciones romanas de aquella \u00e9poca.<\/p>\n<figure id=\"attachment_1044\" aria-describedby=\"caption-attachment-1044\" style=\"width: 270px\" class=\"wp-caption aligncenter\"><a href=\"https:\/\/www.pacovidal.es\/blog\/wp-content\/uploads\/2016\/06\/Jerach-Foro-FILEminimizer.jpg\"><img loading=\"lazy\" decoding=\"async\" class=\"wp-image-1044 size-full\" src=\"https:\/\/www.pacovidal.es\/blog\/wp-content\/uploads\/2016\/06\/Jerach-Foro-FILEminimizer.jpg\" alt=\"Jerach, Foro (FILEminimizer)\" width=\"270\" height=\"180\" \/><\/a><figcaption id=\"caption-attachment-1044\" class=\"wp-caption-text\">El Foro<\/figcaption><\/figure>\n<p style=\"text-align: right;\">Paco Vidal<\/p>\n<p>&nbsp;<\/p>\n<p>&nbsp;<\/p>\n<p>&nbsp;<\/p>\n<p>&nbsp;<\/p>\n<p>&nbsp;<\/p>\n<p>&nbsp;<\/p>\n<p>&nbsp;<\/p>\n","protected":false},"excerpt":{"rendered":"<p>\u00a0 \u00a0 \u00a0 \u00a0 \u00a0 \u00a0 \u00a0 \u00a0 \u00a0 \u00a0 \u00a0 \u00a0 \u00a0 \u00a0 \u00a0 \u00a0 \u00a0 \u00a0 \u00a0 \u00a0 \u00a0 \u00a0 \u00a0 \u00a0 \u00a0 \u00a0 \u00a0 \u00a0 \u00a0 \u00a0 \u00a0 \u00a0 \u00a0 \u00a0 (Cuna de civilizaciones, \u00a0 6) De \u00c1caba a Gerasa Los autobuses de la Trauks International Transport tienen sus oficinas en la &hellip; <a href=\"https:\/\/www.pacovidal.es\/blog\/gerasa-la-amada-de-adriano\/\" class=\"more-link\">Sigue leyendo <span class=\"screen-reader-text\">Gerasa, la amada de Adriano<\/span><\/a><\/p>\n","protected":false},"author":2,"featured_media":0,"comment_status":"open","ping_status":"open","sticky":false,"template":"","format":"standard","meta":{"footnotes":""},"categories":[36,18],"tags":[],"class_list":["post-1016","post","type-post","status-publish","format-standard","hentry","category-jordania","category-oriente-medio"],"_links":{"self":[{"href":"https:\/\/www.pacovidal.es\/blog\/wp-json\/wp\/v2\/posts\/1016","targetHints":{"allow":["GET"]}}],"collection":[{"href":"https:\/\/www.pacovidal.es\/blog\/wp-json\/wp\/v2\/posts"}],"about":[{"href":"https:\/\/www.pacovidal.es\/blog\/wp-json\/wp\/v2\/types\/post"}],"author":[{"embeddable":true,"href":"https:\/\/www.pacovidal.es\/blog\/wp-json\/wp\/v2\/users\/2"}],"replies":[{"embeddable":true,"href":"https:\/\/www.pacovidal.es\/blog\/wp-json\/wp\/v2\/comments?post=1016"}],"version-history":[{"count":36,"href":"https:\/\/www.pacovidal.es\/blog\/wp-json\/wp\/v2\/posts\/1016\/revisions"}],"predecessor-version":[{"id":1125,"href":"https:\/\/www.pacovidal.es\/blog\/wp-json\/wp\/v2\/posts\/1016\/revisions\/1125"}],"wp:attachment":[{"href":"https:\/\/www.pacovidal.es\/blog\/wp-json\/wp\/v2\/media?parent=1016"}],"wp:term":[{"taxonomy":"category","embeddable":true,"href":"https:\/\/www.pacovidal.es\/blog\/wp-json\/wp\/v2\/categories?post=1016"},{"taxonomy":"post_tag","embeddable":true,"href":"https:\/\/www.pacovidal.es\/blog\/wp-json\/wp\/v2\/tags?post=1016"}],"curies":[{"name":"wp","href":"https:\/\/api.w.org\/{rel}","templated":true}]}}