{"id":1150,"date":"2016-08-01T14:32:46","date_gmt":"2016-08-01T14:32:46","guid":{"rendered":"http:\/\/www.pacovidal.es\/blog\/?p=1150"},"modified":"2017-07-03T09:20:16","modified_gmt":"2017-07-03T07:20:16","slug":"cristo-nacio-en-siria","status":"publish","type":"post","link":"https:\/\/www.pacovidal.es\/blog\/cristo-nacio-en-siria\/","title":{"rendered":"CRISTO NACI\u00d3 EN SIRIA"},"content":{"rendered":"<p style=\"text-align: right;\"><em>(Cuna de civilizaciones, 9)<\/em><\/p>\n<p style=\"text-align: center;\"><strong>Pa\u00eds de contrastes<\/strong><\/p>\n<p style=\"text-align: left;\">Mientras escribo estas lineas en un caf\u00e9 de la Gordon&#8217;s Beach, una de las playas de la cosmopolita y ala vez provinciana, Tel Aviv, la aviaci\u00f3n israel\u00ed bombardea la ciudad de Tyron en el vecino L\u00edbano.<\/p>\n<figure id=\"attachment_1153\" aria-describedby=\"caption-attachment-1153\" style=\"width: 300px\" class=\"wp-caption alignleft\"><a href=\"https:\/\/www.pacovidal.es\/blog\/wp-content\/uploads\/2016\/07\/Cristo-naci\u00f3-en-Siria-Gordons-Besch-Tel-Aviv-escribiendo-FILEminimizer.jpg\"><img loading=\"lazy\" decoding=\"async\" class=\"wp-image-1153 size-medium\" src=\"https:\/\/www.pacovidal.es\/blog\/wp-content\/uploads\/2016\/07\/Cristo-naci\u00f3-en-Siria-Gordons-Besch-Tel-Aviv-escribiendo-FILEminimizer-300x208.jpg\" alt=\"Cristo naci\u00f3 en Siria, Gordon's Besch, Tel Aviv escribiendo (FILEminimizer)\" width=\"300\" height=\"208\" srcset=\"https:\/\/www.pacovidal.es\/blog\/wp-content\/uploads\/2016\/07\/Cristo-naci\u00f3-en-Siria-Gordons-Besch-Tel-Aviv-escribiendo-FILEminimizer-300x208.jpg 300w, https:\/\/www.pacovidal.es\/blog\/wp-content\/uploads\/2016\/07\/Cristo-naci\u00f3-en-Siria-Gordons-Besch-Tel-Aviv-escribiendo-FILEminimizer.jpg 693w\" sizes=\"auto, (max-width: 300px) 100vw, 300px\" \/><\/a><figcaption id=\"caption-attachment-1153\" class=\"wp-caption-text\">Gordon&#8217;s Beach, Tel Aviv<\/figcaption><\/figure>\n<p style=\"text-align: left;\">Estos bombardeos se llevan a cabo como represalia por los continuos hostigamientos que los miembros de Hizbul\u00e1 \u00a0(Partido de Dios) viene sometiendo en los \u00faltimos d\u00edas la zona de seguridad que el ejercito israel\u00ed tiene establecida junto a la frontera del pa\u00eds de los cedros, con el fin de evitar que los cohetes lanzados desde las bases de los grupos radicales palestinos caigan sobre sus aldeas.<\/p>\n<p style=\"text-align: left;\">Israel es un pa\u00eds de fuertes contrastes, tanto geogr\u00e1ficos como humanos. Estos pueden apreciarse en todas partes y a todas horas.<\/p>\n<figure id=\"attachment_1154\" aria-describedby=\"caption-attachment-1154\" style=\"width: 196px\" class=\"wp-caption alignright\"><a href=\"https:\/\/www.pacovidal.es\/blog\/wp-content\/uploads\/2016\/07\/Cristo-naci\u00f3-en-Siria-Gordons-Besch-paseo-mar\u00edtimo-FILEminimizer.jpg\"><img loading=\"lazy\" decoding=\"async\" class=\"wp-image-1154 size-medium\" src=\"https:\/\/www.pacovidal.es\/blog\/wp-content\/uploads\/2016\/07\/Cristo-naci\u00f3-en-Siria-Gordons-Besch-paseo-mar\u00edtimo-FILEminimizer-196x300.jpg\" alt=\"Cristo naci\u00f3 en Siria, Gordon's Besch, paseo mar\u00edtimo (FILEminimizer)\" width=\"196\" height=\"300\" srcset=\"https:\/\/www.pacovidal.es\/blog\/wp-content\/uploads\/2016\/07\/Cristo-naci\u00f3-en-Siria-Gordons-Besch-paseo-mar\u00edtimo-FILEminimizer-196x300.jpg 196w, https:\/\/www.pacovidal.es\/blog\/wp-content\/uploads\/2016\/07\/Cristo-naci\u00f3-en-Siria-Gordons-Besch-paseo-mar\u00edtimo-FILEminimizer.jpg 640w\" sizes=\"auto, (max-width: 196px) 100vw, 196px\" \/><\/a><figcaption id=\"caption-attachment-1154\" class=\"wp-caption-text\">Paseo mar\u00edtimo de la Gordon&#8217;s Beach<\/figcaption><\/figure>\n<p style=\"text-align: left;\">Tel Aviv, como dec\u00eda anteriormente, se revela cosmopolita y provinciana al mismo tiempo. La propia Gordon&#8217;s Beach, esta limpia y hermosa playa, nos ofrece estampas tan dispares como son un grupo de jubilados jugando al domin\u00f3 o al sherb\u00e9 \u00a0 -juego parecido al <em>\u00abtres en raya\u00bb- \u00a0<\/em> con la parsimonia y despreocupaci\u00f3n que caracterizar\u00eda la clientela de un bar de pueblo andaluz, de un caf\u00e9 marroqu\u00ed o de un bazar turco. Mientras, no lejos del lugar,\u00a0 bellas y atractivas mujeres, que\u00a0tuestan su joven y suave piel bajo un radiante sol de febrero, son observadas, disimulada pero atentamente, por los escrutadores ojos de un ortodoxo que bajo su <em>biber hit (<\/em>sombrero<em>)<\/em>\u00a0no deja de balancearse a la vez que sostiene entre sus manos la <em>Halaj\u00e1.<\/em><\/p>\n<p style=\"text-align: left;\">Es sorprendente, y en otra parte cualquiera incomprensible, que mientras las fuerzas a\u00e9reas del pa\u00eds est\u00e1n llevando a cabo acciones b\u00e9licas; en sus ciudades, la vida se desarrolla y desenvuelve con la mayor naturalidad. Otro de los aspectos que llama la atenci\u00f3n en las calles de Tel Aviv y Jerusalen \u00a0es la gran catidad de j\u00f3venes de paisanos que se ven con fusiles de asalto colgados del hombro, siempre dispuestos a intervenir, si las circunstacias lo requieren.<\/p>\n<p style=\"text-align: left;\">El contraste entre sus gentes es enorme, ya que su poblaci\u00f3n est\u00e1 compuesta por grupos \u00e9tnicos llegados de todos los confines del mundo. hay germanos, sajones o eslavos de blanca piel y ojos azules. Magreb\u00edes, egipcios, ind\u00faes, paquistan\u00edes o caucasianos, con su caracter\u00edstica piel morena y ojos y cabellos negros como el azabache. Escu\u00e1lidos y fr\u00e1giles et\u00edopes de piel negro-tostada o nigerianos de abultados ojos y pronunciados labios. Todos unidos por una causa com\u00fan: el sionismo.<\/p>\n<p style=\"text-align: left;\">Esta gente, nacida en los m\u00e1s apartados confines del mundo y como tal con los rasgos \u00e9tnicos m\u00e1s diferenciados, posee un factor aglutinador irrenunciable: el juda\u00edsmo.<\/p>\n<figure id=\"attachment_1155\" aria-describedby=\"caption-attachment-1155\" style=\"width: 300px\" class=\"wp-caption alignleft\"><a href=\"https:\/\/www.pacovidal.es\/blog\/wp-content\/uploads\/2016\/07\/Cristo-naci\u00f3-en-Siria-camellos-FILEminimizer.jpg\"><img loading=\"lazy\" decoding=\"async\" class=\"wp-image-1155 size-medium\" src=\"https:\/\/www.pacovidal.es\/blog\/wp-content\/uploads\/2016\/07\/Cristo-naci\u00f3-en-Siria-camellos-FILEminimizer-300x144.jpg\" alt=\"Cristo naci\u00f3 en Siria, camellos (FILEminimizer)\" width=\"300\" height=\"144\" srcset=\"https:\/\/www.pacovidal.es\/blog\/wp-content\/uploads\/2016\/07\/Cristo-naci\u00f3-en-Siria-camellos-FILEminimizer-300x144.jpg 300w, https:\/\/www.pacovidal.es\/blog\/wp-content\/uploads\/2016\/07\/Cristo-naci\u00f3-en-Siria-camellos-FILEminimizer-768x368.jpg 768w, https:\/\/www.pacovidal.es\/blog\/wp-content\/uploads\/2016\/07\/Cristo-naci\u00f3-en-Siria-camellos-FILEminimizer.jpg 1001w\" sizes=\"auto, (max-width: 300px) 100vw, 300px\" \/><\/a><figcaption id=\"caption-attachment-1155\" class=\"wp-caption-text\">Tierra de caravanas<\/figcaption><\/figure>\n<p style=\"text-align: left;\">Cuando recorremos Israel, no hace falta ser un gran observador para poder distinguir f\u00e1cilmente, que individuos forman la poblaci\u00f3n dominante por las diferentes \u00e1reas por las que pasamos.<\/p>\n<p style=\"text-align: left;\">Aunque, en general, sus ciudades, pueblos y aldeas est\u00e1n limpias, y sus servicios, en muchos casos, por encima de los nuestros, es en el norte del pa\u00eds \u00a0-Alta y Baja Galilea- \u00a0d\u00f3nde m\u00e1s se respira el orden, la tranquilidad y la limpieza. Es en esta zona d\u00f3nde se establecen los emigrantes llegados de los pa\u00edses m\u00e1s desarrollados. Llegar a cualquier pueblecito de esta zona, es pensar que se encuentra uno en alg\u00fan lugar de Alemania, Suiza o Austria.<\/p>\n<p style=\"text-align: center;\"><strong>Respeto por el pasado<\/strong><\/p>\n<p style=\"text-align: left;\">Es importante resaltar que all\u00ed d\u00f3nde ya exist\u00eda un n\u00facleo de poblaci\u00f3n, han desarrollado la parte moderna pero conservando,manteniendo y rehabilitando la zona, cuyas ra\u00edces y historia hay que buscarla en la noche de los tiempos.<\/p>\n<figure id=\"attachment_1156\" aria-describedby=\"caption-attachment-1156\" style=\"width: 300px\" class=\"wp-caption alignright\"><a href=\"https:\/\/www.pacovidal.es\/blog\/wp-content\/uploads\/2016\/07\/Cristo-naci\u00f3-en-Siria-Acre-yo-primer-plano-FILEminimizer.jpg\"><img loading=\"lazy\" decoding=\"async\" class=\"wp-image-1156 size-medium\" src=\"https:\/\/www.pacovidal.es\/blog\/wp-content\/uploads\/2016\/07\/Cristo-naci\u00f3-en-Siria-Acre-yo-primer-plano-FILEminimizer-300x191.jpg\" alt=\"Cristo naci\u00f3 en Siria, Acre, yo primer plano (FILEminimizer)\" width=\"300\" height=\"191\" srcset=\"https:\/\/www.pacovidal.es\/blog\/wp-content\/uploads\/2016\/07\/Cristo-naci\u00f3-en-Siria-Acre-yo-primer-plano-FILEminimizer-300x191.jpg 300w, https:\/\/www.pacovidal.es\/blog\/wp-content\/uploads\/2016\/07\/Cristo-naci\u00f3-en-Siria-Acre-yo-primer-plano-FILEminimizer.jpg 752w\" sizes=\"auto, (max-width: 300px) 100vw, 300px\" \/><\/a><figcaption id=\"caption-attachment-1156\" class=\"wp-caption-text\">Mezquita de Acre<\/figcaption><\/figure>\n<p style=\"text-align: left;\">Vivo ejemplo de lo que decimos lo encontramos en Acre, peque\u00f1a ciudad mediterr\u00e1nea, que despu\u00e9s de haber sobrevivido a cananeos, fenicios, griegos, romanos, persas, otomanos y cruzados, su ciudad vieja, a la que solo se puede acceder por una \u00fanica puerta, a trav\u00e9s de la enorme muralla que la rodea, sigue conservando una paz y un encanto verdaderamente regocijantes.<\/p>\n<p style=\"text-align: left;\">Pasear por sus calles o visitar su zoco, cuyos puestos, ya de espacias, bien de pescado, est\u00e1n en manos palestinas, que conviven aqu\u00ed con la poblaci\u00f3n hebrea, mucho m\u00e1s pac\u00edficamente que en cualquier otro lugar de este estado.<\/p>\n<figure id=\"attachment_1158\" aria-describedby=\"caption-attachment-1158\" style=\"width: 300px\" class=\"wp-caption alignleft\"><a href=\"https:\/\/www.pacovidal.es\/blog\/wp-content\/uploads\/2016\/07\/Cristo-naci\u00f3-en-Siria-Puerto-de-Acre-FILEminimizer.jpg\"><img loading=\"lazy\" decoding=\"async\" class=\"wp-image-1158 size-medium\" src=\"https:\/\/www.pacovidal.es\/blog\/wp-content\/uploads\/2016\/07\/Cristo-naci\u00f3-en-Siria-Puerto-de-Acre-FILEminimizer-300x126.jpg\" alt=\"Cristo naci\u00f3 en Siria, Puerto de Acre (FILEminimizer)\" width=\"300\" height=\"126\" srcset=\"https:\/\/www.pacovidal.es\/blog\/wp-content\/uploads\/2016\/07\/Cristo-naci\u00f3-en-Siria-Puerto-de-Acre-FILEminimizer-300x126.jpg 300w, https:\/\/www.pacovidal.es\/blog\/wp-content\/uploads\/2016\/07\/Cristo-naci\u00f3-en-Siria-Puerto-de-Acre-FILEminimizer-768x323.jpg 768w, https:\/\/www.pacovidal.es\/blog\/wp-content\/uploads\/2016\/07\/Cristo-naci\u00f3-en-Siria-Puerto-de-Acre-FILEminimizer-1024x431.jpg 1024w, https:\/\/www.pacovidal.es\/blog\/wp-content\/uploads\/2016\/07\/Cristo-naci\u00f3-en-Siria-Puerto-de-Acre-FILEminimizer.jpg 1140w\" sizes=\"auto, (max-width: 300px) 100vw, 300px\" \/><\/a><figcaption id=\"caption-attachment-1158\" class=\"wp-caption-text\">Puerto pesquero de Acre<\/figcaption><\/figure>\n<p style=\"text-align: left;\">Contemplar a los hombres y ni\u00f1os arreglar sus deterioradas redes en el desgastado puerto, es algo que nos traslada en el tiempo hasta los primeros d\u00edas de nuestra era.<\/p>\n<p style=\"text-align: left;\">Otro tanto sucede con Safed, enclavada en las encumbradas tierras de la Alta Galilea, enriscada en la falda de una monta\u00f1a, desde d\u00f3nde al atardecer pueden verse unas vistas de las aldeas circundantes que, como dir\u00eda mi buen amigo Cristobal L\u00f3pez cuando se refiere a nuestra querida Ronda: <span style=\"color: #800000;\"><em>\u00abNo se puede contar, no se puede pintar, solo se puede ver, y despu\u00e9s so\u00f1ar\u00bb<\/em><\/span>\u00a0.<\/p>\n<p style=\"text-align: center;\"><strong>Refugio de ortodoxos<\/strong><\/p>\n<p style=\"text-align: left;\">A Safed, escondida entre las monta\u00f1as que se extienden entre la frontera del L\u00edbano y el Mar de Galilea, llegaron a cobijarse, huyendo del terror, all\u00e1 por el siglo I los jud\u00edos supervivientes de la primera y segunda revueltas contra el Imperio Romano. Siglos m\u00e1s tarde fueron diezmados y expulsados por los ej\u00e9rcitos cruzados.<\/p>\n<figure id=\"attachment_1159\" aria-describedby=\"caption-attachment-1159\" style=\"width: 300px\" class=\"wp-caption alignright\"><a href=\"https:\/\/www.pacovidal.es\/blog\/wp-content\/uploads\/2016\/07\/Cristo-naci\u00f3-en-Siria-Pepa-aldea-y-mont-Hemon-FILEminimizer.jpg\"><img loading=\"lazy\" decoding=\"async\" class=\"wp-image-1159 size-medium\" src=\"https:\/\/www.pacovidal.es\/blog\/wp-content\/uploads\/2016\/07\/Cristo-naci\u00f3-en-Siria-Pepa-aldea-y-mont-Hemon-FILEminimizer-300x138.jpg\" alt=\"Cristo naci\u00f3 en Siria, Pepa, aldea y mont Hemon (FILEminimizer)\" width=\"300\" height=\"138\" srcset=\"https:\/\/www.pacovidal.es\/blog\/wp-content\/uploads\/2016\/07\/Cristo-naci\u00f3-en-Siria-Pepa-aldea-y-mont-Hemon-FILEminimizer-300x138.jpg 300w, https:\/\/www.pacovidal.es\/blog\/wp-content\/uploads\/2016\/07\/Cristo-naci\u00f3-en-Siria-Pepa-aldea-y-mont-Hemon-FILEminimizer-768x354.jpg 768w, https:\/\/www.pacovidal.es\/blog\/wp-content\/uploads\/2016\/07\/Cristo-naci\u00f3-en-Siria-Pepa-aldea-y-mont-Hemon-FILEminimizer-1024x473.jpg 1024w, https:\/\/www.pacovidal.es\/blog\/wp-content\/uploads\/2016\/07\/Cristo-naci\u00f3-en-Siria-Pepa-aldea-y-mont-Hemon-FILEminimizer.jpg 1040w\" sizes=\"auto, (max-width: 300px) 100vw, 300px\" \/><\/a><figcaption id=\"caption-attachment-1159\" class=\"wp-caption-text\">Aldea siria en los Altos del Golan<\/figcaption><\/figure>\n<p style=\"text-align: left;\">Hoy en d\u00eda, por sus empinadas y bien empedradas callejuelas se puede ver gran cantidad de m\u00edsticos ortodoxos, con su negra indumentaria ( <em>tzitzit<\/em> ) y sus rapados cr\u00e1neos cubiertos con sus negros sombreros, a cuyos lados cuelgan los largos tirabuzones que les caracteriza.<\/p>\n<p style=\"text-align: left;\">De Safed pasamos a Metulla, justo en la punta del <em>\u00abDedo de Galilea\u00bb<\/em>, peque\u00f1a aldea fronteriza expuesta, por tanto, al continuo hostigamiento de las fracciones m\u00e1s radicales del movimiento palestino, desde el vecino Libano.<\/p>\n<figure id=\"attachment_1190\" aria-describedby=\"caption-attachment-1190\" style=\"width: 300px\" class=\"wp-caption alignleft\"><a href=\"https:\/\/www.pacovidal.es\/blog\/wp-content\/uploads\/2016\/08\/Cristo-naci\u00f3-en-Siria-Columna-de-humo-FILEminimizer.jpg\"><img loading=\"lazy\" decoding=\"async\" class=\"wp-image-1190 size-medium\" src=\"https:\/\/www.pacovidal.es\/blog\/wp-content\/uploads\/2016\/08\/Cristo-naci\u00f3-en-Siria-Columna-de-humo-FILEminimizer-300x276.jpg\" alt=\"Cristo naci\u00f3 en Siria, Columna de humo (FILEminimizer)\" width=\"300\" height=\"276\" srcset=\"https:\/\/www.pacovidal.es\/blog\/wp-content\/uploads\/2016\/08\/Cristo-naci\u00f3-en-Siria-Columna-de-humo-FILEminimizer-300x276.jpg 300w, https:\/\/www.pacovidal.es\/blog\/wp-content\/uploads\/2016\/08\/Cristo-naci\u00f3-en-Siria-Columna-de-humo-FILEminimizer.jpg 640w\" sizes=\"auto, (max-width: 300px) 100vw, 300px\" \/><\/a><figcaption id=\"caption-attachment-1190\" class=\"wp-caption-text\">Dedo de Galilea, al fondo fuego de morteros<\/figcaption><\/figure>\n<p style=\"text-align: left;\">Nosotros mismos fuimos testigos de las inmensas columnas de humo que se elevaban al cielo desde los lugares d\u00f3nde hac\u00edan blanco, s\u00f3lo a pocos kil\u00f3metros de d\u00f3nde nos encontr\u00e1bamos, los proyectiles lanzados por estos grupos.<\/p>\n<p style=\"text-align: left;\">Las nieves del Monte Herm\u00f3n, y las id\u00edlicas <em>drusas<\/em> que pueblan los Altos del Gol\u00e1n, bajo dominio israel\u00ed desde la<em>\u00a0\u00abguerra de los siete d\u00edas\u00bb\u00a0<\/em>resplandecen bajo un sol radiante. \u00a0Al borde de un cruce de caminos, a la entrada de una de estas id\u00edlicas aldeas nos encontramos un destartalado remolque, cargado de melones, acoplado a un viejo tractor. Tres eran las mujeres encargadas de la venta de aquellos melones. Mientras, un hombre de mediana edad, sentado en una silla de pl\u00e1stico a la sombra de un \u00e1rbol, se encargaba de la \u00abvigilancia\u00bb tanto de las mujeres como de la mercanc\u00eda.<\/p>\n<figure id=\"attachment_1163\" aria-describedby=\"caption-attachment-1163\" style=\"width: 300px\" class=\"wp-caption alignright\"><a href=\"https:\/\/www.pacovidal.es\/blog\/wp-content\/uploads\/2016\/07\/Cristo-naci\u00f3-en-Siria-Monte-Hemon-r\u00f3tulo-y-coche-FILEminimizer.jpg\"><img loading=\"lazy\" decoding=\"async\" class=\"wp-image-1163 size-medium\" src=\"https:\/\/www.pacovidal.es\/blog\/wp-content\/uploads\/2016\/07\/Cristo-naci\u00f3-en-Siria-Monte-Hemon-r\u00f3tulo-y-coche-FILEminimizer-300x205.jpg\" alt=\"Cristo naci\u00f3 en Siria, Monte Hemon, r\u00f3tulo y coche (FILEminimizer)\" width=\"300\" height=\"205\" srcset=\"https:\/\/www.pacovidal.es\/blog\/wp-content\/uploads\/2016\/07\/Cristo-naci\u00f3-en-Siria-Monte-Hemon-r\u00f3tulo-y-coche-FILEminimizer-300x205.jpg 300w, https:\/\/www.pacovidal.es\/blog\/wp-content\/uploads\/2016\/07\/Cristo-naci\u00f3-en-Siria-Monte-Hemon-r\u00f3tulo-y-coche-FILEminimizer.jpg 701w\" sizes=\"auto, (max-width: 300px) 100vw, 300px\" \/><\/a><figcaption id=\"caption-attachment-1163\" class=\"wp-caption-text\">Monte Hermon<\/figcaption><\/figure>\n<p style=\"text-align: left;\">Conversando con este aldeano sirio de inmenso mostacho, fuerte constituci\u00f3n y noble mirada, vemos cuan diverso y rico en creencias y convicciones es nuestro mundo.<\/p>\n<p style=\"text-align: left;\">Al saber que eramos espa\u00f1oles nos dice con la mayor naturalidad del mundo y el m\u00e1s pleno convencimiento: <strong>\u00bfEspa\u00f1oles? \u00a1magnifico! ustedes son cristianos. Los cristianos y los mahometanos somos hermanos. Cristo naci\u00f3 aqu\u00ed en Siria, los jud\u00edos son gente mala pero nosotros somos hermanos.<\/strong><\/p>\n<p style=\"text-align: left;\">La embajada siria en Amman nos neg\u00f3 el visado de entrada a su pa\u00eds. Israel, sin exigir el m\u00e1s m\u00ednimo requisito, nos permite visitar este preciado rinc\u00f3n sirio y poder conversar libremente con su gente. Sin embargo, la sencilla gente de esta regi\u00f3n odia a los jud\u00edos y a\u00f1ora ser gobernada desde Damasco*, a\u00fan sabiendo que gozaran de menos libertades y tendr\u00e1n menos ventajas sociales y econ\u00f3micas. <strong>\u00a1Iron\u00edas de los hombres y la vida!<\/strong><\/p>\n<figure id=\"attachment_1165\" aria-describedby=\"caption-attachment-1165\" style=\"width: 300px\" class=\"wp-caption alignleft\"><a href=\"https:\/\/www.pacovidal.es\/blog\/wp-content\/uploads\/2016\/07\/Cristo-naci\u00f3-en-Siria-Tumba-de-soldado-FILEminimizer.jpg\"><img loading=\"lazy\" decoding=\"async\" class=\"wp-image-1165 size-medium\" src=\"https:\/\/www.pacovidal.es\/blog\/wp-content\/uploads\/2016\/07\/Cristo-naci\u00f3-en-Siria-Tumba-de-soldado-FILEminimizer-300x174.jpg\" alt=\"Cristo naci\u00f3 en Siria, Tumba de soldado (FILEminimizer)\" width=\"300\" height=\"174\" srcset=\"https:\/\/www.pacovidal.es\/blog\/wp-content\/uploads\/2016\/07\/Cristo-naci\u00f3-en-Siria-Tumba-de-soldado-FILEminimizer-300x174.jpg 300w, https:\/\/www.pacovidal.es\/blog\/wp-content\/uploads\/2016\/07\/Cristo-naci\u00f3-en-Siria-Tumba-de-soldado-FILEminimizer-768x445.jpg 768w, https:\/\/www.pacovidal.es\/blog\/wp-content\/uploads\/2016\/07\/Cristo-naci\u00f3-en-Siria-Tumba-de-soldado-FILEminimizer-825x480.jpg 825w, https:\/\/www.pacovidal.es\/blog\/wp-content\/uploads\/2016\/07\/Cristo-naci\u00f3-en-Siria-Tumba-de-soldado-FILEminimizer.jpg 829w\" sizes=\"auto, (max-width: 300px) 100vw, 300px\" \/><\/a><figcaption id=\"caption-attachment-1165\" class=\"wp-caption-text\">Tumba al lado de la ruta 87<\/figcaption><\/figure>\n<p style=\"text-align: left;\">Con las \u00faltimas horas del d\u00eda damos vistas al, siempre fascinante, Lago Tiberiades. \u00a0Sus claras aguas y sus orillas pre\u00f1adas de mitolog\u00eda nos conducen a lejanos siglos cuando la historia y la leyenda caminaban de la mano por estas m\u00edsticas tierras.<\/p>\n<p style=\"text-align: left;\">Atr\u00e1s dejamos la solitaria ruta 87, testigo de continuos combates entre estos dos pueblos tan cercanos geogr\u00e1ficamente y tan alejados en sus creencias y costumbres.<\/p>\n<p style=\"text-align: left;\">Sus cunetas est\u00e1n jalonadas de continuos recuerdos a j\u00f3venes, hombres y mujeres, soldados israel\u00edes ca\u00eddos en combate, como si con estos mudos monolitos se pudiesen volver a la vida los sue\u00f1os, las esperanzas y las ilusiones, tan tempranamente truncadas.<\/p>\n<p style=\"text-align: left;\">Ma\u00f1ana, cuando estos territorios vuelvan a Siria, los recordatorios ser\u00e1n arrancados, y en su lugar se levantaran otros, cuyos nombres estar\u00e1n escrito en \u00e1rabe. Pero las madres, novias, esposas y amigos de aquellos y estos seguir\u00e1n llorando la ausencia de unos y otros, pregunt\u00e1ndose; <strong>\u00bfpara qu\u00e9 y por quien?<\/strong><\/p>\n<p style=\"text-align: right;\">Paco Vidal<\/p>\n<p style=\"text-align: center;\"><strong>GALER\u00cdA DE FOTOS<\/strong><\/p>\n<figure id=\"attachment_1180\" aria-describedby=\"caption-attachment-1180\" style=\"width: 300px\" class=\"wp-caption alignleft\"><a href=\"https:\/\/www.pacovidal.es\/blog\/wp-content\/uploads\/2016\/07\/Cristo-naci\u00f3-en-Siria-R\u00f3tulo-de-Afula-y-coche-FILEminimizer.jpg\"><img loading=\"lazy\" decoding=\"async\" class=\"wp-image-1180 size-medium\" src=\"https:\/\/www.pacovidal.es\/blog\/wp-content\/uploads\/2016\/07\/Cristo-naci\u00f3-en-Siria-R\u00f3tulo-de-Afula-y-coche-FILEminimizer-300x205.jpg\" alt=\"Cristo naci\u00f3 en Siria, R\u00f3tulo de Afula y coche (FILEminimizer)\" width=\"300\" height=\"205\" srcset=\"https:\/\/www.pacovidal.es\/blog\/wp-content\/uploads\/2016\/07\/Cristo-naci\u00f3-en-Siria-R\u00f3tulo-de-Afula-y-coche-FILEminimizer-300x205.jpg 300w, https:\/\/www.pacovidal.es\/blog\/wp-content\/uploads\/2016\/07\/Cristo-naci\u00f3-en-Siria-R\u00f3tulo-de-Afula-y-coche-FILEminimizer.jpg 701w\" sizes=\"auto, (max-width: 300px) 100vw, 300px\" \/><\/a><figcaption id=\"caption-attachment-1180\" class=\"wp-caption-text\">Cercan\u00edas del Mar de Galilea<\/figcaption><\/figure>\n<figure id=\"attachment_1179\" aria-describedby=\"caption-attachment-1179\" style=\"width: 300px\" class=\"wp-caption alignright\"><a href=\"https:\/\/www.pacovidal.es\/blog\/wp-content\/uploads\/2016\/07\/Cristo-naci\u00f3-en-Siria-Galilea-ru\u00ednas-FILEminimizer.jpg\"><img loading=\"lazy\" decoding=\"async\" class=\"wp-image-1179 size-medium\" src=\"https:\/\/www.pacovidal.es\/blog\/wp-content\/uploads\/2016\/07\/Cristo-naci\u00f3-en-Siria-Galilea-ru\u00ednas-FILEminimizer-300x132.jpg\" alt=\"Cristo naci\u00f3 en Siria, Galilea, ru\u00ednas (FILEminimizer)\" width=\"300\" height=\"132\" srcset=\"https:\/\/www.pacovidal.es\/blog\/wp-content\/uploads\/2016\/07\/Cristo-naci\u00f3-en-Siria-Galilea-ru\u00ednas-FILEminimizer-300x132.jpg 300w, https:\/\/www.pacovidal.es\/blog\/wp-content\/uploads\/2016\/07\/Cristo-naci\u00f3-en-Siria-Galilea-ru\u00ednas-FILEminimizer-768x337.jpg 768w, https:\/\/www.pacovidal.es\/blog\/wp-content\/uploads\/2016\/07\/Cristo-naci\u00f3-en-Siria-Galilea-ru\u00ednas-FILEminimizer-1024x449.jpg 1024w, https:\/\/www.pacovidal.es\/blog\/wp-content\/uploads\/2016\/07\/Cristo-naci\u00f3-en-Siria-Galilea-ru\u00ednas-FILEminimizer.jpg 1095w\" sizes=\"auto, (max-width: 300px) 100vw, 300px\" \/><\/a><figcaption id=\"caption-attachment-1179\" class=\"wp-caption-text\">Alta Glilea, ruinas<\/figcaption><\/figure>\n<figure id=\"attachment_1178\" aria-describedby=\"caption-attachment-1178\" style=\"width: 300px\" class=\"wp-caption alignright\"><a href=\"https:\/\/www.pacovidal.es\/blog\/wp-content\/uploads\/2016\/07\/Cristo-naci\u00f3-en-Siria-Aldea-en-desierto-FILEminimizer.jpg\"><img loading=\"lazy\" decoding=\"async\" class=\"wp-image-1178 size-medium\" src=\"https:\/\/www.pacovidal.es\/blog\/wp-content\/uploads\/2016\/07\/Cristo-naci\u00f3-en-Siria-Aldea-en-desierto-FILEminimizer-300x118.jpg\" alt=\"Cristo naci\u00f3 en Siria, Aldea en desierto (FILEminimizer)\" width=\"300\" height=\"118\" srcset=\"https:\/\/www.pacovidal.es\/blog\/wp-content\/uploads\/2016\/07\/Cristo-naci\u00f3-en-Siria-Aldea-en-desierto-FILEminimizer-300x118.jpg 300w, https:\/\/www.pacovidal.es\/blog\/wp-content\/uploads\/2016\/07\/Cristo-naci\u00f3-en-Siria-Aldea-en-desierto-FILEminimizer-768x302.jpg 768w, https:\/\/www.pacovidal.es\/blog\/wp-content\/uploads\/2016\/07\/Cristo-naci\u00f3-en-Siria-Aldea-en-desierto-FILEminimizer-1024x403.jpg 1024w, https:\/\/www.pacovidal.es\/blog\/wp-content\/uploads\/2016\/07\/Cristo-naci\u00f3-en-Siria-Aldea-en-desierto-FILEminimizer.jpg 1179w\" sizes=\"auto, (max-width: 300px) 100vw, 300px\" \/><\/a><figcaption id=\"caption-attachment-1178\" class=\"wp-caption-text\">Aldea en el desierto<\/figcaption><\/figure>\n<figure id=\"attachment_1191\" aria-describedby=\"caption-attachment-1191\" style=\"width: 300px\" class=\"wp-caption alignleft\"><a href=\"https:\/\/www.pacovidal.es\/blog\/wp-content\/uploads\/2016\/08\/Cristo-naci\u00f3-en-Siria-Monumento-al-holocausto-FILEminimizer.jpg\"><img loading=\"lazy\" decoding=\"async\" class=\"wp-image-1191 size-medium\" src=\"https:\/\/www.pacovidal.es\/blog\/wp-content\/uploads\/2016\/08\/Cristo-naci\u00f3-en-Siria-Monumento-al-holocausto-FILEminimizer-300x210.jpg\" alt=\"Cristo naci\u00f3 en Siria, Monumento al holocausto (FILEminimizer)\" width=\"300\" height=\"210\" srcset=\"https:\/\/www.pacovidal.es\/blog\/wp-content\/uploads\/2016\/08\/Cristo-naci\u00f3-en-Siria-Monumento-al-holocausto-FILEminimizer-300x210.jpg 300w, https:\/\/www.pacovidal.es\/blog\/wp-content\/uploads\/2016\/08\/Cristo-naci\u00f3-en-Siria-Monumento-al-holocausto-FILEminimizer.jpg 687w\" sizes=\"auto, (max-width: 300px) 100vw, 300px\" \/><\/a><figcaption id=\"caption-attachment-1191\" class=\"wp-caption-text\">Museo del Holocausto<\/figcaption><\/figure>\n<figure id=\"attachment_1176\" aria-describedby=\"caption-attachment-1176\" style=\"width: 300px\" class=\"wp-caption alignright\"><a href=\"https:\/\/www.pacovidal.es\/blog\/wp-content\/uploads\/2016\/07\/Cristo-naci\u00f3-en-Siria-Poblado-bedu\u00edno-FILEminimizer.jpg\"><img loading=\"lazy\" decoding=\"async\" class=\"wp-image-1176 size-medium\" src=\"https:\/\/www.pacovidal.es\/blog\/wp-content\/uploads\/2016\/07\/Cristo-naci\u00f3-en-Siria-Poblado-bedu\u00edno-FILEminimizer-300x148.jpg\" alt=\"Cristo naci\u00f3 en Siria, Poblado bedu\u00edno (FILEminimizer)\" width=\"300\" height=\"148\" srcset=\"https:\/\/www.pacovidal.es\/blog\/wp-content\/uploads\/2016\/07\/Cristo-naci\u00f3-en-Siria-Poblado-bedu\u00edno-FILEminimizer-300x148.jpg 300w, https:\/\/www.pacovidal.es\/blog\/wp-content\/uploads\/2016\/07\/Cristo-naci\u00f3-en-Siria-Poblado-bedu\u00edno-FILEminimizer-768x379.jpg 768w, https:\/\/www.pacovidal.es\/blog\/wp-content\/uploads\/2016\/07\/Cristo-naci\u00f3-en-Siria-Poblado-bedu\u00edno-FILEminimizer.jpg 973w\" sizes=\"auto, (max-width: 300px) 100vw, 300px\" \/><\/a><figcaption id=\"caption-attachment-1176\" class=\"wp-caption-text\">Aldea bedu\u00edna<\/figcaption><\/figure>\n<figure id=\"attachment_1177\" aria-describedby=\"caption-attachment-1177\" style=\"width: 300px\" class=\"wp-caption alignleft\"><a href=\"https:\/\/www.pacovidal.es\/blog\/wp-content\/uploads\/2016\/07\/Cristo-naci\u00f3-en-Siria-Ru\u00ednas-castillo-cruzados-FILEminimizer.jpg\"><img loading=\"lazy\" decoding=\"async\" class=\"wp-image-1177 size-medium\" src=\"https:\/\/www.pacovidal.es\/blog\/wp-content\/uploads\/2016\/07\/Cristo-naci\u00f3-en-Siria-Ru\u00ednas-castillo-cruzados-FILEminimizer-300x132.jpg\" alt=\"Cristo naci\u00f3 en Siria, Ru\u00ednas castillo cruzados (FILEminimizer)\" width=\"300\" height=\"132\" srcset=\"https:\/\/www.pacovidal.es\/blog\/wp-content\/uploads\/2016\/07\/Cristo-naci\u00f3-en-Siria-Ru\u00ednas-castillo-cruzados-FILEminimizer-300x132.jpg 300w, https:\/\/www.pacovidal.es\/blog\/wp-content\/uploads\/2016\/07\/Cristo-naci\u00f3-en-Siria-Ru\u00ednas-castillo-cruzados-FILEminimizer-768x337.jpg 768w, https:\/\/www.pacovidal.es\/blog\/wp-content\/uploads\/2016\/07\/Cristo-naci\u00f3-en-Siria-Ru\u00ednas-castillo-cruzados-FILEminimizer-1024x449.jpg 1024w, https:\/\/www.pacovidal.es\/blog\/wp-content\/uploads\/2016\/07\/Cristo-naci\u00f3-en-Siria-Ru\u00ednas-castillo-cruzados-FILEminimizer.jpg 1095w\" sizes=\"auto, (max-width: 300px) 100vw, 300px\" \/><\/a><figcaption id=\"caption-attachment-1177\" class=\"wp-caption-text\">Ruinas de castillo de los Cruzados<\/figcaption><\/figure>\n<figure id=\"attachment_1181\" aria-describedby=\"caption-attachment-1181\" style=\"width: 300px\" class=\"wp-caption alignright\"><a href=\"https:\/\/www.pacovidal.es\/blog\/wp-content\/uploads\/2016\/07\/Cristo-naci\u00f3-en-Siria-Quo-Vadis-Paco-FILEminimizer.jpg\"><img loading=\"lazy\" decoding=\"async\" class=\"wp-image-1181 size-medium\" src=\"https:\/\/www.pacovidal.es\/blog\/wp-content\/uploads\/2016\/07\/Cristo-naci\u00f3-en-Siria-Quo-Vadis-Paco-FILEminimizer-300x150.jpg\" alt=\"Cristo naci\u00f3 en Siria, Quo Vadis Paco (FILEminimizer)\" width=\"300\" height=\"150\" srcset=\"https:\/\/www.pacovidal.es\/blog\/wp-content\/uploads\/2016\/07\/Cristo-naci\u00f3-en-Siria-Quo-Vadis-Paco-FILEminimizer-300x150.jpg 300w, https:\/\/www.pacovidal.es\/blog\/wp-content\/uploads\/2016\/07\/Cristo-naci\u00f3-en-Siria-Quo-Vadis-Paco-FILEminimizer-768x384.jpg 768w, https:\/\/www.pacovidal.es\/blog\/wp-content\/uploads\/2016\/07\/Cristo-naci\u00f3-en-Siria-Quo-Vadis-Paco-FILEminimizer.jpg 960w\" sizes=\"auto, (max-width: 300px) 100vw, 300px\" \/><\/a><figcaption id=\"caption-attachment-1181\" class=\"wp-caption-text\">\u00bfQuo vadis Paco ?<\/figcaption><\/figure>\n<p>&nbsp;<\/p>\n<p>&nbsp;<\/p>\n<p style=\"text-align: right;\">\n","protected":false},"excerpt":{"rendered":"<p>(Cuna de civilizaciones, 9) Pa\u00eds de contrastes Mientras escribo estas lineas en un caf\u00e9 de la Gordon&#8217;s Beach, una de las playas de la cosmopolita y ala vez provinciana, Tel Aviv, la aviaci\u00f3n israel\u00ed bombardea la ciudad de Tyron en el vecino L\u00edbano. Estos bombardeos se llevan a cabo como represalia por los continuos hostigamientos &hellip; <a href=\"https:\/\/www.pacovidal.es\/blog\/cristo-nacio-en-siria\/\" class=\"more-link\">Sigue leyendo <span class=\"screen-reader-text\">CRISTO NACI\u00d3 EN SIRIA<\/span><\/a><\/p>\n","protected":false},"author":2,"featured_media":0,"comment_status":"open","ping_status":"open","sticky":false,"template":"","format":"standard","meta":{"footnotes":""},"categories":[38,18],"tags":[],"class_list":["post-1150","post","type-post","status-publish","format-standard","hentry","category-israel","category-oriente-medio"],"_links":{"self":[{"href":"https:\/\/www.pacovidal.es\/blog\/wp-json\/wp\/v2\/posts\/1150","targetHints":{"allow":["GET"]}}],"collection":[{"href":"https:\/\/www.pacovidal.es\/blog\/wp-json\/wp\/v2\/posts"}],"about":[{"href":"https:\/\/www.pacovidal.es\/blog\/wp-json\/wp\/v2\/types\/post"}],"author":[{"embeddable":true,"href":"https:\/\/www.pacovidal.es\/blog\/wp-json\/wp\/v2\/users\/2"}],"replies":[{"embeddable":true,"href":"https:\/\/www.pacovidal.es\/blog\/wp-json\/wp\/v2\/comments?post=1150"}],"version-history":[{"count":24,"href":"https:\/\/www.pacovidal.es\/blog\/wp-json\/wp\/v2\/posts\/1150\/revisions"}],"predecessor-version":[{"id":1200,"href":"https:\/\/www.pacovidal.es\/blog\/wp-json\/wp\/v2\/posts\/1150\/revisions\/1200"}],"wp:attachment":[{"href":"https:\/\/www.pacovidal.es\/blog\/wp-json\/wp\/v2\/media?parent=1150"}],"wp:term":[{"taxonomy":"category","embeddable":true,"href":"https:\/\/www.pacovidal.es\/blog\/wp-json\/wp\/v2\/categories?post=1150"},{"taxonomy":"post_tag","embeddable":true,"href":"https:\/\/www.pacovidal.es\/blog\/wp-json\/wp\/v2\/tags?post=1150"}],"curies":[{"name":"wp","href":"https:\/\/api.w.org\/{rel}","templated":true}]}}