{"id":178,"date":"2016-01-05T22:09:11","date_gmt":"2016-01-05T22:09:11","guid":{"rendered":"http:\/\/www.pacovidal.es\/blog\/?p=178"},"modified":"2017-07-03T09:20:39","modified_gmt":"2017-07-03T07:20:39","slug":"las-garras-del-leopardo","status":"publish","type":"post","link":"https:\/\/www.pacovidal.es\/blog\/las-garras-del-leopardo\/","title":{"rendered":"LAS GARRAS DEL LEOPARDO"},"content":{"rendered":"<p>&nbsp;<\/p>\n<pre style=\"text-align: center;\">\u00a0 \u00a0 \u00a0 \u00a0 \u00a0 \u00a0 \u00a0 \u00a0 \u00a0 \u00a0 \u00a0 \u00a0 \u00a0 \u00a0 \u00a0 \u00a0 \u00a0 \u00a0 \u00a0 \u00a0 \u00a0 (El Kili II)<\/pre>\n<p style=\"text-align: center;\"><strong>Serecio Kilimanjari<\/strong><\/p>\n<p style=\"text-align: left;\">Nuestro grupo -compuesto por cuatro espa\u00f1oles y diez tanzanos- parte de <strong>Marango Gate<\/strong>, situado a 1.800 s.e.n.m., \u00a0sobre las doce de la ma\u00f1ana.<\/p>\n<p style=\"text-align: left;\">El trayecto, de doce kil\u00f3metros de longitud y 1.000 metros de desnivel, hasta <strong>Mandara Hut<\/strong> transcurre por una zona boscosa, semi-selv\u00e1tica, de h\u00famedas y resbaladizas sendas donde apenas son visibles algunos signos de vida animal, si exeptuamos alg\u00fan que otro macaco &#8211; que contone\u00e1ndose se cruza en nuestro camino- desapareciendo en la espesura del bosque conforme nos acercamos a \u00e9l.<\/p>\n<figure id=\"attachment_202\" aria-describedby=\"caption-attachment-202\" style=\"width: 300px\" class=\"wp-caption alignleft\"><a href=\"https:\/\/www.pacovidal.es\/blog\/wp-content\/uploads\/2016\/02\/Kilimanjaro-FILEminimizer.jpg\"><img loading=\"lazy\" decoding=\"async\" class=\"wp-image-202 size-medium\" src=\"https:\/\/www.pacovidal.es\/blog\/wp-content\/uploads\/2016\/02\/Kilimanjaro-FILEminimizer-300x203.jpg\" alt=\"Kilimanjaro (FILEminimizer)\" width=\"300\" height=\"203\" srcset=\"https:\/\/www.pacovidal.es\/blog\/wp-content\/uploads\/2016\/02\/Kilimanjaro-FILEminimizer-300x203.jpg 300w, https:\/\/www.pacovidal.es\/blog\/wp-content\/uploads\/2016\/02\/Kilimanjaro-FILEminimizer.jpg 708w\" sizes=\"auto, (max-width: 300px) 100vw, 300px\" \/><\/a><figcaption id=\"caption-attachment-202\" class=\"wp-caption-text\">Primera etapa<\/figcaption><\/figure>\n<p style=\"text-align: left;\">Al caer la noche, sobre las seis de la tarde, una espesa niebla acompa\u00f1ada de un intenso fr\u00edo lo envuelve todo. Como quiera que no tenemos luz ni fuego para alumbrarnos, practicam\u00e9nte lo \u00fanico que nos queda es comer, meternos en nuestros sacos de dormir y esperar las luces del nuevo d\u00eda.<\/p>\n<p style=\"text-align: left;\">Despu\u00e9s de un fuerte desayuno, compuesto de huevos, cereales, mantequilla y pan, salimos hacia <strong>Horombo Hut<\/strong> por una fuerte pendiente. Desde la misma, despu\u00e9s de pasar un puentecillo de madera que vadea un riachuelo de cristalinas aguas , nos damos de bruces con una soberbia \u00a0panor\u00e1mica. Contemplando la misma se comprenden perfectamente las palabras de <strong>Javier Reverte <\/strong>cuando en su libro; <strong>Vagabundo en \u00c1frica<\/strong> dice: \u00ab<em>El que no ha visto el Kilimanjaro no puede decir que ha estado en \u00c1frica\u00bb.<\/em><\/p>\n<figure id=\"attachment_210\" aria-describedby=\"caption-attachment-210\" style=\"width: 300px\" class=\"wp-caption alignleft\"><a href=\"https:\/\/www.pacovidal.es\/blog\/wp-content\/uploads\/2016\/02\/Africa-blog-044-FILEminimizer.jpg\"><img loading=\"lazy\" decoding=\"async\" class=\"wp-image-210 size-medium\" src=\"https:\/\/www.pacovidal.es\/blog\/wp-content\/uploads\/2016\/02\/Africa-blog-044-FILEminimizer-300x211.jpg\" alt=\"Africa blog 044 (FILEminimizer)\" width=\"300\" height=\"211\" srcset=\"https:\/\/www.pacovidal.es\/blog\/wp-content\/uploads\/2016\/02\/Africa-blog-044-FILEminimizer-300x211.jpg 300w, https:\/\/www.pacovidal.es\/blog\/wp-content\/uploads\/2016\/02\/Africa-blog-044-FILEminimizer.jpg 684w\" sizes=\"auto, (max-width: 300px) 100vw, 300px\" \/><\/a><figcaption id=\"caption-attachment-210\" class=\"wp-caption-text\">El techo de \u00c1frica<\/figcaption><\/figure>\n<p style=\"text-align: left;\">Los \u00faltimos conjuntos boscosos quedan atr\u00e1s. Ante nosotros se eleva majestuosa, all\u00e1 arriba, solo superada por el rabioso azul del cielo, la gran mole del m\u00e1s grande de los centinelas africanos. Plantado ante nosotros se alza desafiante el impresionante <strong>Kilimanjaro.<\/strong><\/p>\n<p style=\"text-align: left;\">Con el abandono del primer segmento vegetal que caracteriza el ascenso a toda gran monta\u00f1a, la diversidad de plantas se hace m\u00e1s rica. Las mismas son m\u00e1s peque\u00f1as pero m\u00e1s diversas, tanto en tama\u00f1o como en formas.<\/p>\n<p style=\"text-align: left;\">Hay una palmera que llama especialmente nuestra atenci\u00f3n. Esbelta y elegante, de unos cinco metros de altura, cuyo nombre bot\u00e1nico es; <span style=\"color: #808000;\"><em>Serecio Kilimanjari<\/em><\/span> y a la que los nativos llaman <em><span style=\"color: #000000;\">Suecia.<\/span><\/em><\/p>\n<p style=\"text-align: center;\"><strong>Atardecer tropical<\/strong><\/p>\n<p style=\"text-align: left;\">La ubicaci\u00f3n de <strong>Horombo Hut<\/strong> es verdaderamente privilegiada. Por encima nuestra la nevada mole del<strong> Kilimanjaro,\u00a0<\/strong>donde se reflejan los viol\u00e1ceos rayos del atardecer tropical. A nuestros pies las inmensas llanuras de la no menos inmensa depresi\u00f3n del <strong>Riff,<\/strong> con el <strong>Gorongoro<\/strong> y el <strong>Serengueti<\/strong> al fondo. Depresi\u00f3n y llanura que,\u00a0mientras avanza la tarde, van ocult\u00e1nse lentamente en un mar de nubes que nos hace sentirnos m\u00e1s cerca de los dioses que de los hombres.<\/p>\n<figure id=\"attachment_203\" aria-describedby=\"caption-attachment-203\" style=\"width: 300px\" class=\"wp-caption alignright\"><a href=\"https:\/\/www.pacovidal.es\/blog\/wp-content\/uploads\/2016\/02\/Africa-blog-043-FILEminimizer.jpg\"><img loading=\"lazy\" decoding=\"async\" class=\"wp-image-203 size-medium\" src=\"https:\/\/www.pacovidal.es\/blog\/wp-content\/uploads\/2016\/02\/Africa-blog-043-FILEminimizer-300x170.jpg\" alt=\"Africa blog 043 (FILEminimizer)\" width=\"300\" height=\"170\" srcset=\"https:\/\/www.pacovidal.es\/blog\/wp-content\/uploads\/2016\/02\/Africa-blog-043-FILEminimizer-300x170.jpg 300w, https:\/\/www.pacovidal.es\/blog\/wp-content\/uploads\/2016\/02\/Africa-blog-043-FILEminimizer-768x434.jpg 768w, https:\/\/www.pacovidal.es\/blog\/wp-content\/uploads\/2016\/02\/Africa-blog-043-FILEminimizer.jpg 849w\" sizes=\"auto, (max-width: 300px) 100vw, 300px\" \/><\/a><figcaption id=\"caption-attachment-203\" class=\"wp-caption-text\">Bajo el mar de nubes: El Gorongoro y el Serengeti<\/figcaption><\/figure>\n<p style=\"text-align: left;\">Al avanzar la tarde, cuando las primeras estrellas hacen acto de presencia all\u00e1 en el lejano firmamento, ni siquiera las hogueras encendidas por nosotros son capaces de frenar el intenso fr\u00edo que se abate sobre nuestro campamento.<\/p>\n<p style=\"text-align: left;\">La ma\u00f1ana se despierta fr\u00eda, pero esplendida, la negra y volc\u00e1nica senda est\u00e1 sembrada de roc\u00edo ma\u00f1anero. Cargados con nuestras mochilas nos ponemos en marcha hacia <strong>Kibo Hut,\u00a0<\/strong>situado a quince kil\u00f3metros de distancia y 4.700 metros de altura. En <strong>Kibo\u00a0<\/strong>debemos descansar para, al filo de la media noche, acometer la \u00faltima etapa, con el fin de estar al amanecer en la cima de la gran monta\u00f1a africana.<\/p>\n<p style=\"text-align: left;\">La jornada transcurr\u00eda normalmente hasta llegar al lugar donde Denis, Thomas y Stella, que hab\u00edan salido del campamento bastante antes que el resto del grupo, nos ten\u00edan preparado el almuerzo. Aqu\u00ed empezaron a bromear conmigo llam\u00e1ndome \u00abSimba\u00bb, debido a la adaptabilidad, que seg\u00fan \u00e9llos estaba demostrando. Medio en broma, medio en serio Denis, el segundo del \u00abBoss\u00bb, mirando hac\u00eda las nevadas cumbres me dice: \u00bfTu eres capaz de subir hoy conmigo, sin esperar a ma\u00f1ana ni hacer adaptaci\u00f3n en <strong>Kibo<\/strong>?<\/p>\n<figure id=\"attachment_206\" aria-describedby=\"caption-attachment-206\" style=\"width: 197px\" class=\"wp-caption alignleft\"><a href=\"https:\/\/www.pacovidal.es\/blog\/wp-content\/uploads\/2016\/02\/Africa-blog-042-FILEminimizer-1.jpg\"><img loading=\"lazy\" decoding=\"async\" class=\"wp-image-206 size-medium\" src=\"https:\/\/www.pacovidal.es\/blog\/wp-content\/uploads\/2016\/02\/Africa-blog-042-FILEminimizer-1-197x300.jpg\" alt=\"Africa blog 042 (FILEminimizer)\" width=\"197\" height=\"300\" srcset=\"https:\/\/www.pacovidal.es\/blog\/wp-content\/uploads\/2016\/02\/Africa-blog-042-FILEminimizer-1-197x300.jpg 197w, https:\/\/www.pacovidal.es\/blog\/wp-content\/uploads\/2016\/02\/Africa-blog-042-FILEminimizer-1.jpg 640w\" sizes=\"auto, (max-width: 197px) 100vw, 197px\" \/><\/a><figcaption id=\"caption-attachment-206\" class=\"wp-caption-text\">Cruce de caminos<\/figcaption><\/figure>\n<p style=\"text-align: left;\">Como quiera que no hay nada mas ciego y osado que la ignorancia. Yo &#8211; ampar\u00e1ndome en la m\u00eda- y ateni\u00e9ndome a la frase que en alguna parte o\u00ed a un monta\u00f1ero que dec\u00eda: \u00ab<span style=\"color: #800000;\"><span style=\"color: #808000;\">En la monta\u00f1a no se puede despreciar nunca cualquier oportunidad que se te presente\u00bb<\/span>.\u00a0<span style=\"color: #000000;\">le contest\u00e9: Si tu subes tambi\u00e9n lo har\u00e9 yo.<\/span><\/span><\/p>\n<p style=\"text-align: left;\">Inmediatamente, tomamos nuestras mochilas y con toda la presura que nos permiten los 4.500 metros de altitud, dirigimos nuestros pasos hacia <strong>Kibo,\u00a0<\/strong>donde llegamos sobre las trece horas.<\/p>\n<figure id=\"attachment_208\" aria-describedby=\"caption-attachment-208\" style=\"width: 300px\" class=\"wp-caption alignright\"><a href=\"https:\/\/www.pacovidal.es\/blog\/wp-content\/uploads\/2016\/02\/Africa-blog-041-FILEminimizer-2.jpg\"><img loading=\"lazy\" decoding=\"async\" class=\"wp-image-208 size-medium\" src=\"https:\/\/www.pacovidal.es\/blog\/wp-content\/uploads\/2016\/02\/Africa-blog-041-FILEminimizer-2-300x207.jpg\" alt=\"Africa blog 041 (FILEminimizer)\" width=\"300\" height=\"207\" srcset=\"https:\/\/www.pacovidal.es\/blog\/wp-content\/uploads\/2016\/02\/Africa-blog-041-FILEminimizer-2-300x207.jpg 300w, https:\/\/www.pacovidal.es\/blog\/wp-content\/uploads\/2016\/02\/Africa-blog-041-FILEminimizer-2.jpg 697w\" sizes=\"auto, (max-width: 300px) 100vw, 300px\" \/><\/a><figcaption id=\"caption-attachment-208\" class=\"wp-caption-text\">Dani y el autor<\/figcaption><\/figure>\n<p style=\"text-align: left;\">\u00a0Despu\u00e9s de dejar en el campamento la mayor\u00eda de nuestros enseres, tomando con nosotros lo estrictamente necesario. Emprendemos la etapa que deber\u00edamos haber comenzado sobre la una de la madrugada, despues de doce horas de adaptaci\u00f3n y descanso.<\/p>\n<p style=\"text-align: left;\">La etapa que comenzamos es la m\u00e1s dura de todas de cuantas componen la<strong><span style=\"color: #000000;\"><span style=\"text-decoration: underline;\"> Ruta Marango<\/span>.<\/span><\/strong> El tramo que va de <strong>Kibo<\/strong> al <strong>Gillman&#8217;s Point<\/strong> \u00a0pasa de 4.700m. a 5.750m. en tan solo seis kil\u00f3metros.<\/p>\n<figure id=\"attachment_708\" aria-describedby=\"caption-attachment-708\" style=\"width: 300px\" class=\"wp-caption alignleft\"><a href=\"https:\/\/www.pacovidal.es\/blog\/wp-content\/uploads\/2015\/09\/vias-del-Kili.jpg\"><img loading=\"lazy\" decoding=\"async\" class=\"wp-image-708 size-medium\" src=\"https:\/\/www.pacovidal.es\/blog\/wp-content\/uploads\/2015\/09\/vias-del-Kili-300x118.jpg\" alt=\"vias del Kili\" width=\"300\" height=\"118\" srcset=\"https:\/\/www.pacovidal.es\/blog\/wp-content\/uploads\/2015\/09\/vias-del-Kili-300x118.jpg 300w, https:\/\/www.pacovidal.es\/blog\/wp-content\/uploads\/2015\/09\/vias-del-Kili.jpg 689w\" sizes=\"auto, (max-width: 300px) 100vw, 300px\" \/><\/a><figcaption id=\"caption-attachment-708\" class=\"wp-caption-text\">Vias de subida<\/figcaption><\/figure>\n<p style=\"text-align: left;\">La ascensi\u00f3n la efectuamos de forma vertiginosa, cada vez que la huella de la bota de Denis queda libre, la misma es ocupada por la m\u00eda. Las \u00faltimas rocas hasta coronar el<strong> Gillman&#8217;s Point\u00a0<\/strong>las dejamos atr\u00e1s sobre las 4.30 de la tarde.<\/p>\n<p style=\"text-align: left;\">Hemos tardado 3.15h. en cubrir el trayecto que est\u00e1 pensado para hacerlo en seis horas.<\/p>\n<p style=\"text-align: left;\">El momento es para m\u00ed verdaderamente indescriptible, el espect\u00e1culo \u00fanico. Desde aqu\u00ed el <strong>Mawenzi<\/strong><b>,\u00a0<\/b>con sus casi 5.000 metros, queda empeque\u00f1ecido all\u00e1 abajo, revestido de un rojo parduzco, en contraste con el blanco inmaculado que nos ofrece el majestuoso cr\u00e1ter <strong>Reusch,\u00a0<\/strong>Origen, en su d\u00eda -hace millones de a\u00f1os- de la formaci\u00f3n de \u00e9sta monta\u00f1a tan a\u00f1orada por muchos, y solo conquistada por algunos miles de seres humanos.<\/p>\n<p style=\"text-align: center;\"><strong>El pico Uhuru<\/strong><\/p>\n<p style=\"text-align: left;\">El silencio es sepulcral. Denis se ha apartado unos metros y con su pies izquierdo apoyado en una roca, deja vagar la mirada por el lejano horizonte mientras da una profunda chupada a su cigarro. (?)<\/p>\n<p style=\"text-align: left;\">La belleza es verdaderamente sobrecogedora. El glacial Rebmann se perfila a nuestra izquierda proyectando largas sombras, que se prolongan hacia el este, formando caprichosas y fantasmag\u00f3ricas figuras.<\/p>\n<p style=\"text-align: left;\">Atr\u00e1s quedan las palabras \u00a0de Javier Reverte: \u00ab<em><span style=\"color: #000000;\">El que no ha visto el Kilimanjaro no puede decir que ha visto \u00c4frica<\/span><\/em>\u00ab, que dieron origen a este viaje. Hoy, con todo mi respeto, le dir\u00eda a Reverte: <strong><em>Si no has contemplado \u00c1frica desde la cima del Kilimanjaro algo le falta a tu aventura africana.<\/em><\/strong><\/p>\n<figure id=\"attachment_209\" aria-describedby=\"caption-attachment-209\" style=\"width: 320px\" class=\"wp-caption alignleft\"><a href=\"https:\/\/www.pacovidal.es\/blog\/wp-content\/uploads\/2016\/02\/Africa-blog-045-FILEminimizer.jpg\"><img loading=\"lazy\" decoding=\"async\" class=\"wp-image-209\" src=\"https:\/\/www.pacovidal.es\/blog\/wp-content\/uploads\/2016\/02\/Africa-blog-045-FILEminimizer-300x121.jpg\" alt=\"Africa blog 045 (FILEminimizer)\" width=\"320\" height=\"129\" srcset=\"https:\/\/www.pacovidal.es\/blog\/wp-content\/uploads\/2016\/02\/Africa-blog-045-FILEminimizer-300x121.jpg 300w, https:\/\/www.pacovidal.es\/blog\/wp-content\/uploads\/2016\/02\/Africa-blog-045-FILEminimizer-768x310.jpg 768w, https:\/\/www.pacovidal.es\/blog\/wp-content\/uploads\/2016\/02\/Africa-blog-045-FILEminimizer-1024x413.jpg 1024w, https:\/\/www.pacovidal.es\/blog\/wp-content\/uploads\/2016\/02\/Africa-blog-045-FILEminimizer.jpg 1171w\" sizes=\"auto, (max-width: 320px) 100vw, 320px\" \/><\/a><figcaption id=\"caption-attachment-209\" class=\"wp-caption-text\">Hielos eternos. \u00bfhasta cuando?<\/figcaption><\/figure>\n<p style=\"text-align: left;\">Todo invita a continuar aqu\u00ed hasta no se sabe cuando, pero el <strong>Uhuro Piek<\/strong> est\u00e1 todav\u00eda a 1.800 metros de distancia con el insignificante pero \u00a1terrible! desnivel de 125 metros.<\/p>\n<p style=\"text-align: left;\">La marcha se hace ahora, mucho m\u00e1s cansina y fatigosa de lo previsto. La bravata de haber saltado de los 3.700 m. a los 5.800, por donde nos movemos ya, sin haber efectuado la correspondientes horas en <strong>Kibo<\/strong>, se deja sentir.<\/p>\n<p style=\"text-align: left;\">La falta de oxigeno es evidente. Continuamente tengo que efectuar cortas paradas, apoy\u00e1ndome sin parar en mi bast\u00f3n para poder continuar. Mi organismo se revela y mi estomago parece ser desgarrado por <span style=\"color: #0000ff;\">Las garras del leopardo<\/span> del que habla Hemingway en su obra <em>\u00abLas Nieves del Kilimanjaro\u00bb<\/em>, aun sin haber estado nunca en \u00e9l.<\/p>\n<p style=\"text-align: center;\"><strong>Mal de altura<\/strong><\/p>\n<p style=\"text-align: left;\">Por el<strong> Mayer Point<\/strong>, situado a 5.800 metros, me arrastro en lugar de caminar. Las nauseas y ganas de vomitar son insostenibles. \u00a1Maldito mal de altura! pienso. Mientras Denis me ofrece su hombro para que con su ayuda pueda continuar.<\/p>\n<p style=\"text-align: left;\">Que momento tan indescriptible. Aqu\u00ed, en el techo de \u00c1frica, un hermoso atardecer de un d\u00eda de julio, un muchacho negro de 21 a\u00f1os, pone todo lo que puede de su parte, para que un hombre blanco (Que podr\u00eda ser su abuelo) consiga ver cumplidos sus sue\u00f1os. \u00bfQue argumentaci\u00f3n dar\u00edan en semejante situaci\u00f3n los defensores del racismo?.<\/p>\n<figure id=\"attachment_709\" aria-describedby=\"caption-attachment-709\" style=\"width: 300px\" class=\"wp-caption alignright\"><a href=\"https:\/\/www.pacovidal.es\/blog\/wp-content\/uploads\/2015\/09\/uhuru-pico.jpg\"><img loading=\"lazy\" decoding=\"async\" class=\"wp-image-709 size-medium\" src=\"https:\/\/www.pacovidal.es\/blog\/wp-content\/uploads\/2015\/09\/uhuru-pico-300x225.jpg\" alt=\"uhuru pico\" width=\"300\" height=\"225\" srcset=\"https:\/\/www.pacovidal.es\/blog\/wp-content\/uploads\/2015\/09\/uhuru-pico-300x225.jpg 300w, https:\/\/www.pacovidal.es\/blog\/wp-content\/uploads\/2015\/09\/uhuru-pico.jpg 720w\" sizes=\"auto, (max-width: 300px) 100vw, 300px\" \/><\/a><figcaption id=\"caption-attachment-709\" class=\"wp-caption-text\">El techo de \u00c1frica<\/figcaption><\/figure>\n<p style=\"text-align: left;\">Por fin, con la vista nublada, y apenas sin entender lo que escucho, oigo como la voz de Denis me dice: Simba, lo has conseguido ah\u00ed est\u00e1, es el <strong>Uhuro Piek<\/strong>. \u00bf Ves el r\u00f3tulo que lo indica?<\/p>\n<p style=\"text-align: left;\">As\u00ed es, all\u00ed est\u00e1: UHURO PIEK, 5.895 METROS<\/p>\n<p style=\"text-align: left;\"><strong>\u00a1Gracias Denis , sin tu ayuda no lo hubiera conseguido!<\/strong><\/p>\n","protected":false},"excerpt":{"rendered":"<p>&nbsp; \u00a0 \u00a0 \u00a0 \u00a0 \u00a0 \u00a0 \u00a0 \u00a0 \u00a0 \u00a0 \u00a0 \u00a0 \u00a0 \u00a0 \u00a0 \u00a0 \u00a0 \u00a0 \u00a0 \u00a0 \u00a0 (El Kili II) Serecio Kilimanjari Nuestro grupo -compuesto por cuatro espa\u00f1oles y diez tanzanos- parte de Marango Gate, situado a 1.800 s.e.n.m., \u00a0sobre las doce de la ma\u00f1ana. El trayecto, de doce kil\u00f3metros &hellip; <a href=\"https:\/\/www.pacovidal.es\/blog\/las-garras-del-leopardo\/\" class=\"more-link\">Sigue leyendo <span class=\"screen-reader-text\">LAS GARRAS DEL LEOPARDO<\/span><\/a><\/p>\n","protected":false},"author":2,"featured_media":0,"comment_status":"open","ping_status":"open","sticky":false,"template":"","format":"standard","meta":{"footnotes":""},"categories":[5,30],"tags":[],"class_list":["post-178","post","type-post","status-publish","format-standard","hentry","category-africa","category-tanzania"],"_links":{"self":[{"href":"https:\/\/www.pacovidal.es\/blog\/wp-json\/wp\/v2\/posts\/178","targetHints":{"allow":["GET"]}}],"collection":[{"href":"https:\/\/www.pacovidal.es\/blog\/wp-json\/wp\/v2\/posts"}],"about":[{"href":"https:\/\/www.pacovidal.es\/blog\/wp-json\/wp\/v2\/types\/post"}],"author":[{"embeddable":true,"href":"https:\/\/www.pacovidal.es\/blog\/wp-json\/wp\/v2\/users\/2"}],"replies":[{"embeddable":true,"href":"https:\/\/www.pacovidal.es\/blog\/wp-json\/wp\/v2\/comments?post=178"}],"version-history":[{"count":13,"href":"https:\/\/www.pacovidal.es\/blog\/wp-json\/wp\/v2\/posts\/178\/revisions"}],"predecessor-version":[{"id":363,"href":"https:\/\/www.pacovidal.es\/blog\/wp-json\/wp\/v2\/posts\/178\/revisions\/363"}],"wp:attachment":[{"href":"https:\/\/www.pacovidal.es\/blog\/wp-json\/wp\/v2\/media?parent=178"}],"wp:term":[{"taxonomy":"category","embeddable":true,"href":"https:\/\/www.pacovidal.es\/blog\/wp-json\/wp\/v2\/categories?post=178"},{"taxonomy":"post_tag","embeddable":true,"href":"https:\/\/www.pacovidal.es\/blog\/wp-json\/wp\/v2\/tags?post=178"}],"curies":[{"name":"wp","href":"https:\/\/api.w.org\/{rel}","templated":true}]}}