{"id":462,"date":"2016-01-01T16:30:59","date_gmt":"2016-01-01T16:30:59","guid":{"rendered":"http:\/\/www.pacovidal.es\/blog\/?p=462"},"modified":"2017-07-03T09:20:39","modified_gmt":"2017-07-03T07:20:39","slug":"sublime-kilimanjaro","status":"publish","type":"post","link":"https:\/\/www.pacovidal.es\/blog\/sublime-kilimanjaro\/","title":{"rendered":"SUBLIME KILIMANJARO"},"content":{"rendered":"<pre style=\"text-align: center;\">                               (El Kili I)<\/pre>\n<p style=\"text-align: center;\"><strong>El que quiere algo encuentra un medio<\/strong><\/p>\n<p style=\"text-align: justify;\">Es invierno, es un inmisericorde d\u00eda de invierno ronde\u00f1o. Fuera hace fr\u00edo, desde mi ventana veo caer una fina cortina de aguanieve nacida de esas nubes que caprich\u00f3samente ascienden desde el fondo del Tajo, como libr\u00e1ndose de las brumosas aguas del Guadalevin.<\/p>\n<figure id=\"attachment_470\" aria-describedby=\"caption-attachment-470\" style=\"width: 300px\" class=\"wp-caption alignleft\"><a href=\"https:\/\/www.pacovidal.es\/blog\/wp-content\/uploads\/2016\/03\/Ronda3-FILEminimizer.jpg\" rel=\"attachment wp-att-470\"><img loading=\"lazy\" decoding=\"async\" class=\"wp-image-470 size-medium\" src=\"https:\/\/www.pacovidal.es\/blog\/wp-content\/uploads\/2016\/03\/Ronda3-FILEminimizer-300x225.jpg\" alt=\"Ronda3 (FILEminimizer)\" width=\"300\" height=\"225\" srcset=\"https:\/\/www.pacovidal.es\/blog\/wp-content\/uploads\/2016\/03\/Ronda3-FILEminimizer-300x225.jpg 300w, https:\/\/www.pacovidal.es\/blog\/wp-content\/uploads\/2016\/03\/Ronda3-FILEminimizer.jpg 640w\" sizes=\"auto, (max-width: 300px) 100vw, 300px\" \/><\/a><figcaption id=\"caption-attachment-470\" class=\"wp-caption-text\">RONDA, casas agarradas al filo del Tajo<\/figcaption><\/figure>\n<p style=\"text-align: justify;\">Las ascendentes nubes se mezclan con las ya existentes, interponi\u00e9ndose entre mi punto de observaci\u00f3n y las casas que, agarradas al filo del Tajo, me impiden ver con nitidez nuestra ciudad. Ronda se perfila ante m\u00ed, difuminada, con el aspecto de una ciudad embrujada y hechizante.<\/p>\n<figure id=\"attachment_469\" aria-describedby=\"caption-attachment-469\" style=\"width: 300px\" class=\"wp-caption alignright\"><a href=\"https:\/\/www.pacovidal.es\/blog\/wp-content\/uploads\/2016\/03\/Ronda2-FILEminimizer.jpg\" rel=\"attachment wp-att-469\"><img loading=\"lazy\" decoding=\"async\" class=\"wp-image-469 size-medium\" src=\"https:\/\/www.pacovidal.es\/blog\/wp-content\/uploads\/2016\/03\/Ronda2-FILEminimizer-300x225.jpg\" alt=\"Ronda2 (FILEminimizer)\" width=\"300\" height=\"225\" srcset=\"https:\/\/www.pacovidal.es\/blog\/wp-content\/uploads\/2016\/03\/Ronda2-FILEminimizer-300x225.jpg 300w, https:\/\/www.pacovidal.es\/blog\/wp-content\/uploads\/2016\/03\/Ronda2-FILEminimizer.jpg 640w\" sizes=\"auto, (max-width: 300px) 100vw, 300px\" \/><\/a><figcaption id=\"caption-attachment-469\" class=\"wp-caption-text\">RONDA, La que ronda la leyenda<\/figcaption><\/figure>\n<p style=\"text-align: justify;\">La tarde se desliza perezosa mientras mi \u00a0pensamiento se aleja y vuelve a mi entorno, con esa agilidad y poder que caracteriza nuestra mente, habilit\u00e1ndola para estar, a la vez, en lugares tan distantes como Ronda y Arusha.<\/p>\n<p style=\"text-align: justify;\">En mis manos <strong>\u00abEl sue\u00f1o de \u00c1frica\u00bb<\/strong><em>,\u00a0<\/em>de Javier Reverte, uno de los maestros espa\u00f1oles de la narrativa viajera de nuestros dias. <span style=\"color: #0000ff;\"><em>\u00abAhora, al verlo aparecer y desaparecer bajo la calima, me preguntaba si pod\u00eda creer que en realidad estaba all\u00ed. El Kilimanjaro asomaba a mas 50 kil\u00f3metros al oeste, al otro lado de la frontera de Tanzania, y sin embargo me parec\u00eda situado a un tiro de piedra, tal era su colosal estatura&#8230;. y sent\u00ed que el viajero nunca puede decir que ha estado en \u00c1frica hasta que no ha alcanzado a verlo. El poder soberbio del mito me estremec\u00eda desde aquella sombra p\u00e1lida que se escond\u00eda entre las brumas\u00bb.<\/em> <span style=\"color: #000000;\">Repaso un par de veces el p\u00e1rrafo \u00a0y me pregunto, \u00bfTan grande es el poder de la gran monta\u00f1a africana para arrancar tan encendidas palabras de tan avezado viajero?<\/span><\/span><\/p>\n<figure id=\"attachment_477\" aria-describedby=\"caption-attachment-477\" style=\"width: 284px\" class=\"wp-caption alignleft\"><a href=\"https:\/\/www.pacovidal.es\/blog\/wp-content\/uploads\/2016\/03\/El-Kili.jpg\" rel=\"attachment wp-att-477\"><img loading=\"lazy\" decoding=\"async\" class=\"wp-image-477 size-full\" src=\"https:\/\/www.pacovidal.es\/blog\/wp-content\/uploads\/2016\/03\/El-Kili.jpg\" alt=\"El Kili\" width=\"284\" height=\"178\" \/><\/a><figcaption id=\"caption-attachment-477\" class=\"wp-caption-text\">Paseo vespertino ante el Kilimanjaro<\/figcaption><\/figure>\n<p style=\"text-align: justify;\">Sea cierto o no, est\u00e9n o no envueltas dichas palabras en cierta fantas\u00eda literaria, lo cierto es que tienen el don de hacer nacer en m\u00ed, la necesidad de ir a \u00c1frica y poder contemplar con mis propios ojos el gran coloso.<\/p>\n<p style=\"text-align: justify;\">La idea crece, madura, y me atrevo a afirmar que rompe las propias dimensiones de las palabras de Reverte para imponerse el reto. \u00bfPorqu\u00e9 en vez de ir a \u00c1frica para ver el Kilimanjaro, no ascender al Kilimanjaro para, desde su cumbre, ver \u00c1frica?<\/p>\n<p style=\"text-align: justify;\">Como sucede siempre que pretendemos emprender algo que est\u00e1 fuera de nuestra rutina habitual, unas veces \u00a0la decisi\u00f3n final es firme. Otras, sin embargo, la intenci\u00f3n \u00a0se me antoja descabellada y lejana. Escalar el Kilimanjaro no debe ser tan f\u00e1cil como subir a nuestro entra\u00f1able Torrecilla. Este tiene 1925 metros, aquel toca los 6.000. Por medio esta <em>\u00abel mal de altura\u00bb,\u00a0<\/em>la aclimataci\u00f3n, las nauseas, los edemas (pulmonares o cerebrales), los 20\u00baC \u00f3 30\u00baC bajo cero y tantas otras cosas.<\/p>\n<p style=\"text-align: justify;\">El aferrarme a la parte positiva del magistral proverbio que dice:\u00a0<span style=\"color: #800080;\"><em>\u00abEl que quiere hacer algo, encuentra un medio. El que no quiere hacer nada , encuentra una escusa\u00bb <\/em><span style=\"color: #000000;\">me empuja hacia adelante, y el proyecto va tomando forma.<\/span><\/span><\/p>\n<figure id=\"attachment_478\" aria-describedby=\"caption-attachment-478\" style=\"width: 223px\" class=\"wp-caption alignright\"><a href=\"https:\/\/www.pacovidal.es\/blog\/wp-content\/uploads\/2016\/03\/El-Rino-y-el-Kili.jpg\" rel=\"attachment wp-att-478\"><img loading=\"lazy\" decoding=\"async\" class=\"wp-image-478 size-full\" src=\"https:\/\/www.pacovidal.es\/blog\/wp-content\/uploads\/2016\/03\/El-Rino-y-el-Kili.jpg\" alt=\"El Rino y el Kili\" width=\"223\" height=\"226\" \/><\/a><figcaption id=\"caption-attachment-478\" class=\"wp-caption-text\">Afrodisi\u00e1co cuerno, y el Kili<\/figcaption><\/figure>\n<p style=\"text-align: justify;\"><span style=\"color: #800080;\"><span style=\"color: #000000;\">Me siento ante el ordenador y tecleo: Kilimanjaro.com. \u00a1Oh milagro!. Aqu\u00ed esta todo lo que busco; informaci\u00f3n, posibilidades, formas de llevarlo a cabo&#8230;. La singladura ha comenzado, lo mas apasionante de cada viaje. La decisi\u00f3n definitiva de llevarlo a cabo. Si la meta que nos hemos propuesto es alcanzada o no, ya no depende tanto de nosotros como de otros m\u00faltiples factores, muchas de las veces ajenos a nosotros mismos.<\/span><\/span><\/p>\n<p style=\"text-align: center;\"><strong>El aire tiene sabor \u00a0 \u00a0 \u00a0 \u00a0 \u00a0 \u00a0 \u00a0 \u00a0 \u00a0 \u00a0 \u00a0 \u00a0 \u00a0 \u00a0 \u00a0 \u00a0 \u00a0 \u00a0 \u00a0 \u00a0 \u00a0 \u00a0 \u00a0 \u00a0 \u00a0<\/strong><\/p>\n<p style=\"text-align: justify;\"><span style=\"color: #800080;\"><span style=\"color: #000000;\">El avi\u00f3n de la KLM ha cubierto perfectamente los miles de kil\u00f3metros que separan Ansterdam \u00a0del Kilimanjaro Airport, situado en suelo tanzano, entre las ciudades de Moshi y Arusha. Su pose sobre la pista es suave, sin que podamos decir lo mismo sobre el deslizamiento sobre ella, ya que \u00e9sta esta erosionada y en no muy buen estado.<\/span><\/span><\/p>\n<figure id=\"attachment_471\" aria-describedby=\"caption-attachment-471\" style=\"width: 300px\" class=\"wp-caption alignright\"><a href=\"https:\/\/www.pacovidal.es\/blog\/wp-content\/uploads\/2016\/03\/Mujer-africana-FILEminimizer.jpg\" rel=\"attachment wp-att-471\"><img loading=\"lazy\" decoding=\"async\" class=\"wp-image-471 size-medium\" src=\"https:\/\/www.pacovidal.es\/blog\/wp-content\/uploads\/2016\/03\/Mujer-africana-FILEminimizer-300x225.jpg\" alt=\"Mujer africana (FILEminimizer)\" width=\"300\" height=\"225\" srcset=\"https:\/\/www.pacovidal.es\/blog\/wp-content\/uploads\/2016\/03\/Mujer-africana-FILEminimizer-300x225.jpg 300w, https:\/\/www.pacovidal.es\/blog\/wp-content\/uploads\/2016\/03\/Mujer-africana-FILEminimizer.jpg 640w\" sizes=\"auto, (max-width: 300px) 100vw, 300px\" \/><\/a><figcaption id=\"caption-attachment-471\" class=\"wp-caption-text\">Mujer tanzana<\/figcaption><\/figure>\n<p style=\"text-align: justify;\"><span style=\"color: #800080;\"><span style=\"color: #000000;\">Cuando, por fin, se abren las puertas del avi\u00f3n y salimos a la escalinata, una bocanada de<em> Espiritu de \u00c1frica <\/em>golpea mi olfato e invade mis pulmones. El aire tiene un olor, incluso podr\u00edamos decir sabor, especial. Es c\u00e1lido y pesado, huele, <em>sabe\u00a0<\/em>a heno, a pradera, a rastrojo mojado. En vez de estar en un aeropuerto, parece que estamos entrando por la explanada de un cortijo, despu\u00e9s de que las primeras aguas oto\u00f1ales hallan refrescado las sedientas tierras de la campi\u00f1a andaluza.<\/span><\/span><\/p>\n<p style=\"text-align: justify;\"><span style=\"color: #800080;\"><span style=\"color: #000000;\">Las sombras se confunden en el crep\u00fasculo tropical y las luces artificiales comienzan a parpadear, aqu\u00ed y all\u00e1. Mientras, en los confines que forman los l\u00edmites del aeropuerto, se oyen ritmos de \u00ab<em>m\u00fasica africana\u00bb,<\/em>\u00a0como alguien susurra a mi o\u00eddo, al observar mi inter\u00e9s por aquellos sonidos. Este sonsonete da la bienvenida a un personaje, ataviado al mas puro estilo africano que, junto a su numerosa prole, arriba a su <em>feudo<\/em>\u00a0en el mismo avi\u00f3n que lo hacemos nosotros. Pero&#8230; mientras nosotros viajamos en clase turista, \u00e9l, junto con sus mujeres e hijos, lo hace en primera clase. Un ejemplo m\u00e1s de que las diferencias entre los hombres no las determinan las razas o el color de la piel. \u00a1Las marca el dinero!.<\/span><\/span><\/p>\n<figure id=\"attachment_472\" aria-describedby=\"caption-attachment-472\" style=\"width: 300px\" class=\"wp-caption alignleft\"><a href=\"https:\/\/www.pacovidal.es\/blog\/wp-content\/uploads\/2016\/03\/Autor-en-mercado-FILEminimizer.jpg\" rel=\"attachment wp-att-472\"><img loading=\"lazy\" decoding=\"async\" class=\"wp-image-472 size-medium\" src=\"https:\/\/www.pacovidal.es\/blog\/wp-content\/uploads\/2016\/03\/Autor-en-mercado-FILEminimizer-300x225.jpg\" alt=\"Autor en mercado (FILEminimizer)\" width=\"300\" height=\"225\" srcset=\"https:\/\/www.pacovidal.es\/blog\/wp-content\/uploads\/2016\/03\/Autor-en-mercado-FILEminimizer-300x225.jpg 300w, https:\/\/www.pacovidal.es\/blog\/wp-content\/uploads\/2016\/03\/Autor-en-mercado-FILEminimizer.jpg 640w\" sizes=\"auto, (max-width: 300px) 100vw, 300px\" \/><\/a><figcaption id=\"caption-attachment-472\" class=\"wp-caption-text\">Mercado africano<\/figcaption><\/figure>\n<p style=\"text-align: justify;\"><span style=\"color: #800080;\"><span style=\"color: #000000;\">La llegada a Moshi, capital de la regi\u00f3n del Kilimanjaro, la efectuamos, ya bien entrada la noche, teni\u00e9ndonos que trasladar a las afueras de la ciudad, a un imprevisto hotel, por tener <em>overboocking<\/em> el \u00abB\u00faffalo Hotel\u00bb en el que ten\u00edamos reservada habitaci\u00f3n. \u00a1Estas cosas suceden hasta en \u00c1frica!.<\/span><\/span><\/p>\n<p style=\"text-align: justify;\"><span style=\"color: #800080;\"><span style=\"color: #000000;\">Al d\u00eda siguiente, paseando por sus calles, la impresi\u00f3n que sentimos es de un estado de \u00a0abandono generalizado, tanto en su gente, como en el urbanismo o la arquitectura. Hay grandes edificios, sucios y descuidados, que transmiten la sensaci\u00f3n de que alguna vez estuvieron habitados, siendo hoy guaridas de rapaces y alima\u00f1as que se introducen en ellos a trav\u00e9s de ventanas de cristales rotos y desbisagradas puertas.<\/span><\/span><\/p>\n<p style=\"text-align: center;\"><strong>A trav\u00e9s de estepas, desiertos y mares<\/strong><\/p>\n<p style=\"text-align: justify;\"><span style=\"color: #800080;\"><span style=\"color: #000000;\">En las aceras, sentadas sobre el mugriento y h\u00famedo suelo, se ven familias enteras que se ganan el sustento, transformando latas de Coca Cola o, viejos neum\u00e1ticos, en utens\u00edlios tales como: candilejas, jarrillos de lata, zapatos o capazos. Es digno de admirar como estos artesanos de la calle, disponiendo solo de las mas elementales herramientas, son capaces de sacar provecho de algo, que para nosotros, solo merece ocupar un lugar en el contenedor de la basura. La poblaci\u00f3n da la sensaci\u00f3n de vivir un permanente y forzoso desempleo.<\/span><\/span><\/p>\n<figure id=\"attachment_474\" aria-describedby=\"caption-attachment-474\" style=\"width: 300px\" class=\"wp-caption alignright\"><a href=\"https:\/\/www.pacovidal.es\/blog\/wp-content\/uploads\/2016\/03\/Caminos.jpg\" rel=\"attachment wp-att-474\"><img loading=\"lazy\" decoding=\"async\" class=\"wp-image-474 size-medium\" src=\"https:\/\/www.pacovidal.es\/blog\/wp-content\/uploads\/2016\/03\/Caminos-300x225.jpg\" alt=\"Caminos\" width=\"300\" height=\"225\" srcset=\"https:\/\/www.pacovidal.es\/blog\/wp-content\/uploads\/2016\/03\/Caminos-300x225.jpg 300w, https:\/\/www.pacovidal.es\/blog\/wp-content\/uploads\/2016\/03\/Caminos.jpg 640w\" sizes=\"auto, (max-width: 300px) 100vw, 300px\" \/><\/a><figcaption id=\"caption-attachment-474\" class=\"wp-caption-text\">Caminos<\/figcaption><\/figure>\n<p style=\"text-align: justify;\"><span style=\"color: #800080;\"><span style=\"color: #000000;\"><br \/>\n<strong>\u00a1Oh \u00c1frica, es viniendo a ti y viendo como vives, como sufres, como padeces y como mueres, cuando realmente podemos entender y darle sentido a la Odisea que emprenden tus hijos, persiguiendo un sue\u00f1o a trav\u00e9s de estepas, desiertos y mares, hasta llegar a la idealizada Europa, con el fin de alcanzar una vida mejor para ellos y los suyos!.<\/strong> \u00a0\u00a0<\/span><em>\u00a0<\/em><\/span><\/p>\n<figure id=\"attachment_473\" aria-describedby=\"caption-attachment-473\" style=\"width: 300px\" class=\"wp-caption alignleft\"><a href=\"https:\/\/www.pacovidal.es\/blog\/wp-content\/uploads\/2016\/03\/mujer-y-vivienda-FILEminimizer.jpg\" rel=\"attachment wp-att-473\"><img loading=\"lazy\" decoding=\"async\" class=\"wp-image-473 size-medium\" src=\"https:\/\/www.pacovidal.es\/blog\/wp-content\/uploads\/2016\/03\/mujer-y-vivienda-FILEminimizer-300x225.jpg\" alt=\"mujer y vivienda (FILEminimizer)\" width=\"300\" height=\"225\" srcset=\"https:\/\/www.pacovidal.es\/blog\/wp-content\/uploads\/2016\/03\/mujer-y-vivienda-FILEminimizer-300x225.jpg 300w, https:\/\/www.pacovidal.es\/blog\/wp-content\/uploads\/2016\/03\/mujer-y-vivienda-FILEminimizer.jpg 640w\" sizes=\"auto, (max-width: 300px) 100vw, 300px\" \/><\/a><figcaption id=\"caption-attachment-473\" class=\"wp-caption-text\">Mujer ante su vivienda<\/figcaption><\/figure>\n<p style=\"text-align: justify;\"><span style=\"color: #800080;\"><span style=\"color: #000000;\">\u00bfTanto mal le han hecho los pa\u00edses colonizadores a estos pueblos? \u00bfTan brutal fue el grado de expoliaci\u00f3n al que los sometieron para que las consecuencias se dejen sentir a\u00f1os y a\u00f1os mas tarde, postergando a estos pa\u00edses a un subdesarrollo end\u00e9mico y cruel? \u00bfO, por el contrario, todo esto obedece a otros oscuros factores del alma africana, mucho mas profundos y complejos, dif\u00edciles de entender y asimilar para un europeo?.<\/span><\/span><\/p>\n<p style=\"text-align: justify;\"><span style=\"color: #800080;\"><span style=\"color: #000000;\">Lleno de dudas y de preguntas sin respuestas me retiro a mi habitaci\u00f3n del B\u00faffalo Hotel, hoy si, a la espera de que al alba, pasen a recogernos para trasladarnos a la <strong>Marango Gate,<\/strong> con el fin de comenzar el ascenso al techo de \u00c1frica.\u00a0<\/span><\/span><\/p>\n<p style=\"text-align: right;\"><span style=\"color: #800080;\"><span style=\"color: #000000;\">Paco Vidal<\/span><em>\u00a0<\/em><\/span><\/p>\n<p style=\"text-align: justify;\"><span style=\"color: #800080;\">\u00a0<\/span><\/p>\n<p style=\"text-align: justify;\"><span style=\"color: #0000ff;\"><em>\u00a0<\/em><\/span><\/p>\n","protected":false},"excerpt":{"rendered":"<p>(El Kili I) El que quiere algo encuentra un medio Es invierno, es un inmisericorde d\u00eda de invierno ronde\u00f1o. Fuera hace fr\u00edo, desde mi ventana veo caer una fina cortina de aguanieve nacida de esas nubes que caprich\u00f3samente ascienden desde el fondo del Tajo, como libr\u00e1ndose de las brumosas aguas del Guadalevin. Las ascendentes nubes &hellip; <a href=\"https:\/\/www.pacovidal.es\/blog\/sublime-kilimanjaro\/\" class=\"more-link\">Sigue leyendo <span class=\"screen-reader-text\">SUBLIME KILIMANJARO<\/span><\/a><\/p>\n","protected":false},"author":2,"featured_media":0,"comment_status":"open","ping_status":"open","sticky":false,"template":"","format":"standard","meta":{"footnotes":""},"categories":[5,15,30],"tags":[],"class_list":["post-462","post","type-post","status-publish","format-standard","hentry","category-africa","category-ronda","category-tanzania"],"_links":{"self":[{"href":"https:\/\/www.pacovidal.es\/blog\/wp-json\/wp\/v2\/posts\/462","targetHints":{"allow":["GET"]}}],"collection":[{"href":"https:\/\/www.pacovidal.es\/blog\/wp-json\/wp\/v2\/posts"}],"about":[{"href":"https:\/\/www.pacovidal.es\/blog\/wp-json\/wp\/v2\/types\/post"}],"author":[{"embeddable":true,"href":"https:\/\/www.pacovidal.es\/blog\/wp-json\/wp\/v2\/users\/2"}],"replies":[{"embeddable":true,"href":"https:\/\/www.pacovidal.es\/blog\/wp-json\/wp\/v2\/comments?post=462"}],"version-history":[{"count":18,"href":"https:\/\/www.pacovidal.es\/blog\/wp-json\/wp\/v2\/posts\/462\/revisions"}],"predecessor-version":[{"id":807,"href":"https:\/\/www.pacovidal.es\/blog\/wp-json\/wp\/v2\/posts\/462\/revisions\/807"}],"wp:attachment":[{"href":"https:\/\/www.pacovidal.es\/blog\/wp-json\/wp\/v2\/media?parent=462"}],"wp:term":[{"taxonomy":"category","embeddable":true,"href":"https:\/\/www.pacovidal.es\/blog\/wp-json\/wp\/v2\/categories?post=462"},{"taxonomy":"post_tag","embeddable":true,"href":"https:\/\/www.pacovidal.es\/blog\/wp-json\/wp\/v2\/tags?post=462"}],"curies":[{"name":"wp","href":"https:\/\/api.w.org\/{rel}","templated":true}]}}