{"id":754,"date":"2016-02-12T11:27:57","date_gmt":"2016-02-12T11:27:57","guid":{"rendered":"http:\/\/www.pacovidal.es\/blog\/?p=754"},"modified":"2017-07-03T09:20:38","modified_gmt":"2017-07-03T07:20:38","slug":"cabo-de-buena-esperanza","status":"publish","type":"post","link":"https:\/\/www.pacovidal.es\/blog\/cabo-de-buena-esperanza\/","title":{"rendered":"CABO DE BUENA ESPERANZA"},"content":{"rendered":"<pre style=\"text-align: right;\">(Viaje Austral \u00a0I)<\/pre>\n<p style=\"text-align: center;\"><strong>La monta\u00f1a de la mesa \u00a0 \u00a0 \u00a0 \u00a0 \u00a0 \u00a0 \u00a0 \u00a0 \u00a0 \u00a0 \u00a0 \u00a0 \u00a0\u00a0<\/strong><\/p>\n<p style=\"text-align: left;\">La andadura que comenzamos hoy nos llevar\u00e1 por tierras africanas. Nos encontramos en Ciudad del Cabo, donde hemos llegado, despu\u00e9s de un largo vuelo desde Espa\u00f1a, v\u00eda Franfurt.<\/p>\n<p style=\"text-align: left;\">Las experiencias y observaciones que vivamos durante este viaje las iremos desgranando en este y sucesivos art\u00edculos para, disfrute o escarnio, de aquellos que est\u00e9n dispuestos a perder su tiempo en la lectura de nuestras aventur\u00edllas. A veces nos aburrimos tanto en casa que hasta la mas anodina de las lecturas \u00a0nos resulta apta para el consumo.<\/p>\n<p style=\"text-align: left;\">Este \u00abViaje Austral\u00bb, comienza en Ciudad del Cabo y pretendemos que la meta final sea en Cataratas Victoria. Despu\u00e9s de haber hecho unos 5.000 \u00f3 6.000 kil\u00f3metros a trav\u00e9s de \u00c1frica del Sur, Namibia, Bobswana y Zimbawe..<\/p>\n<p style=\"text-align: left;\">Dicen que Ciudad del Cabo es una de las ciudades mas bellas del mundo, adem\u00e1s de ser la m\u00e1s antigua del \u00c1frica Austral.<\/p>\n<figure id=\"attachment_768\" aria-describedby=\"caption-attachment-768\" style=\"width: 191px\" class=\"wp-caption alignleft\"><a href=\"https:\/\/www.pacovidal.es\/blog\/wp-content\/uploads\/2016\/05\/V.A.-C.B.E.-Ciudad-del-Cabo-FILEminimizer.jpg\"><img loading=\"lazy\" decoding=\"async\" class=\"wp-image-768 size-medium\" src=\"https:\/\/www.pacovidal.es\/blog\/wp-content\/uploads\/2016\/05\/V.A.-C.B.E.-Ciudad-del-Cabo-FILEminimizer-191x300.jpg\" alt=\"V.A. C.B.E. Ciudad del Cabo (FILEminimizer)\" width=\"191\" height=\"300\" srcset=\"https:\/\/www.pacovidal.es\/blog\/wp-content\/uploads\/2016\/05\/V.A.-C.B.E.-Ciudad-del-Cabo-FILEminimizer-191x300.jpg 191w, https:\/\/www.pacovidal.es\/blog\/wp-content\/uploads\/2016\/05\/V.A.-C.B.E.-Ciudad-del-Cabo-FILEminimizer.jpg 640w\" sizes=\"auto, (max-width: 191px) 100vw, 191px\" \/><\/a><figcaption id=\"caption-attachment-768\" class=\"wp-caption-text\">Ciudad del Cabo<\/figcaption><\/figure>\n<p style=\"text-align: left;\">Paseando por sus barrios residenciales nos invaden una melancol\u00eda y un sosiego, dif\u00edciles de alcanzar en cualquier otra ciudad, de su tama\u00f1o e importancia. Desafortunadamente, la \u00a0estandarizada arquitectura moderna \u00a0-mercantilizada y \u00e1vida de conseguir el mayor volumen en la menor superficie- \u00a0 est\u00e1 invadiendo esos hermosos barrios, de calles ondulantes, debido a la orograf\u00eda del terreno, compuestos por viviendas unifamiliares de uno o dos pisos, para dar paso al cristal y el hormig\u00f3n.<\/p>\n<blockquote>\n<p style=\"text-align: left;\">Desde la Table Montain pueden contemplarse soberbias panor\u00e1micas, no solo de la ciudad, sino tambi\u00e9n de toda la pen\u00ednsula del Cabo.<\/p>\n<\/blockquote>\n<p style=\"text-align: left;\">A pesar de todo, tiene esta ciudad un encanto especial. Sus atributos naturales, como sus hermosas playas, o su emblem\u00e1tica <em>Table Montain (monta\u00f1a de la mesa),\u00a0<\/em>siguen ejerciendo una\u00a0 fuerte atracci\u00f3n sobre cualquier viajero que llegue a ella.<\/p>\n<figure id=\"attachment_769\" aria-describedby=\"caption-attachment-769\" style=\"width: 300px\" class=\"wp-caption alignright\"><a href=\"https:\/\/www.pacovidal.es\/blog\/wp-content\/uploads\/2016\/05\/V.A.-C.B.E.-Visatas-desde-la-Table-FILEminimizer.jpg\"><img loading=\"lazy\" decoding=\"async\" class=\"wp-image-769 size-medium\" src=\"https:\/\/www.pacovidal.es\/blog\/wp-content\/uploads\/2016\/05\/V.A.-C.B.E.-Visatas-desde-la-Table-FILEminimizer-300x162.jpg\" alt=\"V.A. C.B.E. Visatas desde la Table (FILEminimizer)\" width=\"300\" height=\"162\" srcset=\"https:\/\/www.pacovidal.es\/blog\/wp-content\/uploads\/2016\/05\/V.A.-C.B.E.-Visatas-desde-la-Table-FILEminimizer-300x162.jpg 300w, https:\/\/www.pacovidal.es\/blog\/wp-content\/uploads\/2016\/05\/V.A.-C.B.E.-Visatas-desde-la-Table-FILEminimizer-768x415.jpg 768w, https:\/\/www.pacovidal.es\/blog\/wp-content\/uploads\/2016\/05\/V.A.-C.B.E.-Visatas-desde-la-Table-FILEminimizer.jpg 889w\" sizes=\"auto, (max-width: 300px) 100vw, 300px\" \/><\/a><figcaption id=\"caption-attachment-769\" class=\"wp-caption-text\">Panor\u00e1mica desde la \u00abTable Montain\u00bb<\/figcaption><\/figure>\n<p style=\"text-align: left;\">Desde la planicie que da nombre a la <em>Table Montain,\u00a0<\/em>a la que puede ascenderse ya a pi\u00e9, ora en el funicular construido para tal fin, pueden contemplarse soberbias panor\u00e1micas, no solo de la ciudad, sino tambi\u00e9n de toda la pen\u00ednsula del Cabo.<\/p>\n<figure id=\"attachment_770\" aria-describedby=\"caption-attachment-770\" style=\"width: 300px\" class=\"wp-caption alignleft\"><a href=\"https:\/\/www.pacovidal.es\/blog\/wp-content\/uploads\/2016\/05\/V.A.-C.B.E.-R\u00f3tulo-y-Pepa-FILEminimizer.jpg\"><img loading=\"lazy\" decoding=\"async\" class=\"wp-image-770 size-medium\" src=\"https:\/\/www.pacovidal.es\/blog\/wp-content\/uploads\/2016\/05\/V.A.-C.B.E.-R\u00f3tulo-y-Pepa-FILEminimizer-300x208.jpg\" alt=\"V.A. C.B.E. R\u00f3tulo y Pepa (FILEminimizer)\" width=\"300\" height=\"208\" srcset=\"https:\/\/www.pacovidal.es\/blog\/wp-content\/uploads\/2016\/05\/V.A.-C.B.E.-R\u00f3tulo-y-Pepa-FILEminimizer-300x208.jpg 300w, https:\/\/www.pacovidal.es\/blog\/wp-content\/uploads\/2016\/05\/V.A.-C.B.E.-R\u00f3tulo-y-Pepa-FILEminimizer.jpg 693w\" sizes=\"auto, (max-width: 300px) 100vw, 300px\" \/><\/a><figcaption id=\"caption-attachment-770\" class=\"wp-caption-text\">El \u00abCape Point\u00bb<\/figcaption><\/figure>\n<p style=\"text-align: left;\">Aunque sus habitantes, sobre todo los blancos, hablan de mucha inseguridad ciudadana, y aconsejan no estar en la calle despu\u00e9s del anochecer, a nosotros se nos antoja una ciudad como cualquier otra de sus caracter\u00edsticas en cualquier otra parte del mundo. Cierto es que una de las noches que permanecimos en ella, al transitar por uno de sus barrios, nos encontramos con unos chicos negros que, no sabemos con que intenci\u00f3n, intentaron provocarnos. De tal situaci\u00f3n salimos con un poco de cintura y mano izquierda.<\/p>\n<p style=\"text-align: center;\"><strong>Si vas a Ciudad del Cabo&#8230;&#8230; \u00a0 \u00a0\u00a1Acercate al Cabo de Buena Esperanza!<\/strong><\/p>\n<p style=\"text-align: left;\">Lo realmente recomendable a cualquier visitante de Ciudad del Cabo, es que no desaproveche la ocasi\u00f3n de desplazarse, ya sea en veh\u00edculo propio o por medio de alguna excursi\u00f3n organizada, hasta el <em>Cape Point, y<\/em>\u00a0el\u00a0Cabo de Buena Esperanza. A este punto extremo de \u00c1frica se llega a trav\u00e9s de la M-65, carretera que, a trav\u00e9s de la pen\u00ednsula nos conduce desde <em>Cape Town<\/em>\u00a0hasta ellos, situados a unos cincuenta kil\u00f3metros de la ciudad.<\/p>\n<p style=\"text-align: left;\">Estos puntos, al igual que otros, en otros tantos lugares del globo, \u00a0son los imanes que tiran de nosotros, esp\u00edritos insatisfechos, y nos hacen movernos, de un <em>im\u00e1n<\/em>\u00a0para otro, siempre que nos lo permitan nuestras obligaciones y maltrechas econom\u00edas.<\/p>\n<figure id=\"attachment_764\" aria-describedby=\"caption-attachment-764\" style=\"width: 300px\" class=\"wp-caption alignright\"><a href=\"https:\/\/www.pacovidal.es\/blog\/wp-content\/uploads\/2016\/04\/Faro-de-C.B.E..jpg\"><img loading=\"lazy\" decoding=\"async\" class=\"wp-image-764 size-medium\" src=\"https:\/\/www.pacovidal.es\/blog\/wp-content\/uploads\/2016\/04\/Faro-de-C.B.E.-300x120.jpg\" alt=\"Faro de C.B.E.\" width=\"300\" height=\"120\" srcset=\"https:\/\/www.pacovidal.es\/blog\/wp-content\/uploads\/2016\/04\/Faro-de-C.B.E.-300x120.jpg 300w, https:\/\/www.pacovidal.es\/blog\/wp-content\/uploads\/2016\/04\/Faro-de-C.B.E.-768x307.jpg 768w, https:\/\/www.pacovidal.es\/blog\/wp-content\/uploads\/2016\/04\/Faro-de-C.B.E..jpg 960w\" sizes=\"auto, (max-width: 300px) 100vw, 300px\" \/><\/a><figcaption id=\"caption-attachment-764\" class=\"wp-caption-text\">Cabo de Buena Esperanza.<\/figcaption><\/figure>\n<p style=\"text-align: left;\">Llegar a \u00e9ste lugar del continente africano, subir al promontorio rocoso que lo forma, y otear la linea imaginaria que forma el encuentro de las fr\u00edas aguas del Atl\u00e1ntico con las c\u00e1lidas del \u00cdndico es un momento para viv\u00edrlo intensamente, so\u00f1ar y solidarizarse con todos aquellos que, en lejanos d\u00edas, circunnavegaron, con fr\u00e1giles naves, este m\u00edtico lugar, desafiando la furia de los oc\u00e9anos.<\/p>\n<blockquote>\n<p style=\"text-align: left;\">Sin saberlo, esta nao fantasma y los hombres que la manejaban, estaban culminando, una de las gestas mas grandes de la historia de la humanidad.<\/p>\n<\/blockquote>\n<p style=\"text-align: left;\">\u00bfQuien es el villano que, desde \u00e9ste promontorio, no siente un sentimiento de solidaridad hacia aquel pu\u00f1ado de abnegados, exhaustos y harapientos hombres que, en el verano de 1522, circunnavegaban estas latitudes, ayudados solo por el astrolabio, el firmamento infinito y su sapiencia?. Nada de G.P.S., sat\u00e9lites, o estaciones de radio.<\/p>\n<p style=\"text-align: left;\">Estos hombres eran los 18 tripulantes de la nao VICTORIA, al frente de los cuales iba el vasco-espa\u00f1ol, (Entonces a\u00fan no hab\u00eda nacido Sabino Arana ni exist\u00eda el P.N.V.),\u00a0<strong>Juan Sebasti\u00e1n Elcano.<\/strong> Eran los supervivientes \u00a0&#8211; espectros humanos- \u00a0 de los 265 que partiendo de Sanlucar de Barrameda, en la expedici\u00f3n de MAGALLANES, \u00a0tres a\u00f1os antes, en una flotilla de cinco naves, hab\u00edan ido pereciendo uno tras otro.<\/p>\n<figure id=\"attachment_759\" aria-describedby=\"caption-attachment-759\" style=\"width: 300px\" class=\"wp-caption alignleft\"><a href=\"https:\/\/www.pacovidal.es\/blog\/wp-content\/uploads\/2016\/04\/elcano_vuelta_mundo.jpg\"><img loading=\"lazy\" decoding=\"async\" class=\"wp-image-759 size-medium\" src=\"https:\/\/www.pacovidal.es\/blog\/wp-content\/uploads\/2016\/04\/elcano_vuelta_mundo-300x150.jpg\" alt=\"elcano_vuelta_mundo\" width=\"300\" height=\"150\" srcset=\"https:\/\/www.pacovidal.es\/blog\/wp-content\/uploads\/2016\/04\/elcano_vuelta_mundo-300x150.jpg 300w, https:\/\/www.pacovidal.es\/blog\/wp-content\/uploads\/2016\/04\/elcano_vuelta_mundo.jpg 340w\" sizes=\"auto, (max-width: 300px) 100vw, 300px\" \/><\/a><figcaption id=\"caption-attachment-759\" class=\"wp-caption-text\">Vuelta al mundo de Juan Sebastian Elcano.<\/figcaption><\/figure>\n<p style=\"text-align: left;\">Sin saberlo, esta nao fantasma y los hombres que la manejaban, estaban culminando, al circunnavegar este punto, una de las gestas mas grandes de la Historia de la Humanidad.<\/p>\n<p style=\"text-align: left;\"><strong>\u00a1Estaban terminando de dar la primera vuelta al mundo y demostrando, con ello, la redondez de la tierra!<\/strong><\/p>\n<p style=\"text-align: left;\">El viento es impresionante, lo que hace que tremendas olas batan continuamente sobre las rocas que forman la costa. Bandadas de aves, formando caprichosas formaciones num\u00e9ricas, sobrevuelan las embravecidas aguas, a ras de las mismas, con el fin de sortear el viento que azota continuamente tan apartado paraje.<\/p>\n<p style=\"text-align: left;\">En sus costas \u00a0yacen troncos, hierbas y plantas, \u00a0arrancadas de los fondos marinos o arrastradas, \u00a0desde lejanas tierras, por las corrientes oce\u00e1nicas.<\/p>\n<blockquote>\n<p style=\"text-align: left;\">De lo contrario, seguro que nos encontraremos el veh\u00edculo desvalijado por las manadas de monos que pululan por los alrededores.<\/p>\n<\/blockquote>\n<p style=\"text-align: left;\">No lejos de ambos puntos, formando triangulo con los mismos, existe un restaurante, al que se llega por una carretera asfaltada que discurre entre matorrales y arbustos poco desarrollados, debido \u00a0a la inclemencia del entorno, donde se puede saborear (como es habitual en \u00c1frica del Sur) una exquisita carne roja acompa\u00f1ada de un buen caldo originario del pa\u00eds. Todo esto lo disfrutamos mas si, a la hora de pagar, vemos que la relaci\u00f3n <em>precio calidad<\/em>\u00a0es bastante buena.<\/p>\n<figure id=\"attachment_762\" aria-describedby=\"caption-attachment-762\" style=\"width: 300px\" class=\"wp-caption alignleft\"><a href=\"https:\/\/www.pacovidal.es\/blog\/wp-content\/uploads\/2016\/04\/VIAJE-AUSTRAL-mono-Cabo-de-B.E..jpg\"><img loading=\"lazy\" decoding=\"async\" class=\"wp-image-762 size-medium\" src=\"https:\/\/www.pacovidal.es\/blog\/wp-content\/uploads\/2016\/04\/VIAJE-AUSTRAL-mono-Cabo-de-B.E.-300x120.jpg\" alt=\"VIAJE AUSTRAL mono Cabo de B.E.\" width=\"300\" height=\"120\" srcset=\"https:\/\/www.pacovidal.es\/blog\/wp-content\/uploads\/2016\/04\/VIAJE-AUSTRAL-mono-Cabo-de-B.E.-300x120.jpg 300w, https:\/\/www.pacovidal.es\/blog\/wp-content\/uploads\/2016\/04\/VIAJE-AUSTRAL-mono-Cabo-de-B.E.-768x307.jpg 768w, https:\/\/www.pacovidal.es\/blog\/wp-content\/uploads\/2016\/04\/VIAJE-AUSTRAL-mono-Cabo-de-B.E..jpg 960w\" sizes=\"auto, (max-width: 300px) 100vw, 300px\" \/><\/a><figcaption id=\"caption-attachment-762\" class=\"wp-caption-text\">Babuino del Cabo de Buena Espaeranza<\/figcaption><\/figure>\n<p style=\"text-align: left;\">Solo una advertencia a tener muy en cuenta. A la hora de aparcar el coche debe hacerse con sumo cuidado de que las ventanillas est\u00e9n izadas y las puertas cerradas con llave. De lo contrario, seguro que nos encontraremos el veh\u00edculo desvalijado por las manadas de monos que campean por los alrededores.<\/p>\n<p style=\"text-align: left;\">Lo mismo vale mientras estemos comiendo, sobre todo si se hace en la terraza del establecimiento. Tan osados son que, a\u00fan estando a la mesa, son capaces de, en el menor descuido, arrebatarnos de la misma, comida, bebida u objetos.<\/p>\n<figure id=\"attachment_771\" aria-describedby=\"caption-attachment-771\" style=\"width: 300px\" class=\"wp-caption alignright\"><a href=\"https:\/\/www.pacovidal.es\/blog\/wp-content\/uploads\/2016\/05\/V.A.-C.B.E.-Bicho-Mono-en-parking-FILEminimizer.jpg\"><img loading=\"lazy\" decoding=\"async\" class=\"wp-image-771 size-medium\" src=\"https:\/\/www.pacovidal.es\/blog\/wp-content\/uploads\/2016\/05\/V.A.-C.B.E.-Bicho-Mono-en-parking-FILEminimizer-300x208.jpg\" alt=\"V.A. C.B.E. Bicho Mono en parking (FILEminimizer)\" width=\"300\" height=\"208\" srcset=\"https:\/\/www.pacovidal.es\/blog\/wp-content\/uploads\/2016\/05\/V.A.-C.B.E.-Bicho-Mono-en-parking-FILEminimizer-300x208.jpg 300w, https:\/\/www.pacovidal.es\/blog\/wp-content\/uploads\/2016\/05\/V.A.-C.B.E.-Bicho-Mono-en-parking-FILEminimizer.jpg 693w\" sizes=\"auto, (max-width: 300px) 100vw, 300px\" \/><\/a><figcaption id=\"caption-attachment-771\" class=\"wp-caption-text\">Mono acechador en el Parking<\/figcaption><\/figure>\n<p style=\"text-align: left;\">Sabedora de ello, la gerencia del restaurante tiene apostados unos empleados, armados de enormes estacas, con el fin de mantener a raya a este ejercito de babuinos desvergonzados.<\/p>\n<figure id=\"attachment_772\" aria-describedby=\"caption-attachment-772\" style=\"width: 300px\" class=\"wp-caption alignleft\"><a href=\"https:\/\/www.pacovidal.es\/blog\/wp-content\/uploads\/2016\/05\/V.A.-C.B.E.-Puestos-FILEminimizer.jpg\"><img loading=\"lazy\" decoding=\"async\" class=\"wp-image-772 size-medium\" src=\"https:\/\/www.pacovidal.es\/blog\/wp-content\/uploads\/2016\/05\/V.A.-C.B.E.-Puestos-FILEminimizer-300x208.jpg\" alt=\"V.A. C.B.E. Puestos (FILEminimizer)\" width=\"300\" height=\"208\" srcset=\"https:\/\/www.pacovidal.es\/blog\/wp-content\/uploads\/2016\/05\/V.A.-C.B.E.-Puestos-FILEminimizer-300x208.jpg 300w, https:\/\/www.pacovidal.es\/blog\/wp-content\/uploads\/2016\/05\/V.A.-C.B.E.-Puestos-FILEminimizer.jpg 693w\" sizes=\"auto, (max-width: 300px) 100vw, 300px\" \/><\/a><figcaption id=\"caption-attachment-772\" class=\"wp-caption-text\">Puestos de artesan\u00edas.<\/figcaption><\/figure>\n<p style=\"text-align: left;\">Aprovechando la libertad que nos da el movernos con un medio de locomoci\u00f3n propio (rent a car), volvemos a Ciudad del Cabo al atardecer, dejando a ambos lados de la carretera, gran cantidad de puestos, en los que se pueden adquirir gran cantidad, y a buen precio, de productos de artesan\u00eda africana.<\/p>\n<p style=\"text-align: left;\">Las primeras sombras de la noche caen sobre nosotros cuando enfilamos la Long Street, al final de la cual est\u00e1 nuestro hotel.<\/p>\n<p style=\"text-align: left;\">Con los albores del nuevo d\u00eda partiremos hacia el r\u00edo Orange en la frontera con la vecina Namibia.<\/p>\n<p style=\"text-align: left;\">\u00a0 \u00a0 \u00a0 \u00a0 \u00a0 \u00a0 \u00a0 \u00a0 \u00a0 \u00a0 \u00a0 \u00a0 \u00a0 \u00a0 \u00a0 \u00a0 \u00a0 \u00a0 \u00a0 \u00a0 \u00a0 \u00a0 \u00a0 \u00a0 \u00a0 \u00a0 \u00a0 \u00a0 \u00a0 \u00a0 \u00a0 \u00a0 \u00a0 \u00a0 \u00a0 \u00a0 \u00a0 \u00a0 \u00a0 \u00a0 \u00a0 \u00a0 \u00a0 \u00a0 \u00a0 \u00a0 Paco Vidal<\/p>\n","protected":false},"excerpt":{"rendered":"<p>(Viaje Austral \u00a0I) La monta\u00f1a de la mesa \u00a0 \u00a0 \u00a0 \u00a0 \u00a0 \u00a0 \u00a0 \u00a0 \u00a0 \u00a0 \u00a0 \u00a0 \u00a0\u00a0 La andadura que comenzamos hoy nos llevar\u00e1 por tierras africanas. Nos encontramos en Ciudad del Cabo, donde hemos llegado, despu\u00e9s de un largo vuelo desde Espa\u00f1a, v\u00eda Franfurt. Las experiencias y observaciones que vivamos &hellip; <a href=\"https:\/\/www.pacovidal.es\/blog\/cabo-de-buena-esperanza\/\" class=\"more-link\">Sigue leyendo <span class=\"screen-reader-text\">CABO DE BUENA ESPERANZA<\/span><\/a><\/p>\n","protected":false},"author":2,"featured_media":0,"comment_status":"open","ping_status":"open","sticky":false,"template":"","format":"standard","meta":{"footnotes":""},"categories":[5,32],"tags":[],"class_list":["post-754","post","type-post","status-publish","format-standard","hentry","category-africa","category-surafrica"],"_links":{"self":[{"href":"https:\/\/www.pacovidal.es\/blog\/wp-json\/wp\/v2\/posts\/754","targetHints":{"allow":["GET"]}}],"collection":[{"href":"https:\/\/www.pacovidal.es\/blog\/wp-json\/wp\/v2\/posts"}],"about":[{"href":"https:\/\/www.pacovidal.es\/blog\/wp-json\/wp\/v2\/types\/post"}],"author":[{"embeddable":true,"href":"https:\/\/www.pacovidal.es\/blog\/wp-json\/wp\/v2\/users\/2"}],"replies":[{"embeddable":true,"href":"https:\/\/www.pacovidal.es\/blog\/wp-json\/wp\/v2\/comments?post=754"}],"version-history":[{"count":20,"href":"https:\/\/www.pacovidal.es\/blog\/wp-json\/wp\/v2\/posts\/754\/revisions"}],"predecessor-version":[{"id":1208,"href":"https:\/\/www.pacovidal.es\/blog\/wp-json\/wp\/v2\/posts\/754\/revisions\/1208"}],"wp:attachment":[{"href":"https:\/\/www.pacovidal.es\/blog\/wp-json\/wp\/v2\/media?parent=754"}],"wp:term":[{"taxonomy":"category","embeddable":true,"href":"https:\/\/www.pacovidal.es\/blog\/wp-json\/wp\/v2\/categories?post=754"},{"taxonomy":"post_tag","embeddable":true,"href":"https:\/\/www.pacovidal.es\/blog\/wp-json\/wp\/v2\/tags?post=754"}],"curies":[{"name":"wp","href":"https:\/\/api.w.org\/{rel}","templated":true}]}}