{"id":76,"date":"2013-09-10T17:26:51","date_gmt":"2013-09-10T17:26:51","guid":{"rendered":"http:\/\/www.pacovidal.es\/blog\/?p=76"},"modified":"2017-07-03T09:20:39","modified_gmt":"2017-07-03T07:20:39","slug":"por-tierras-de-oriente","status":"publish","type":"post","link":"https:\/\/www.pacovidal.es\/blog\/por-tierras-de-oriente\/","title":{"rendered":"POR TIERRAS DE ORIENTE"},"content":{"rendered":"<p style=\"text-align: center;\">KOREA<\/p>\n<p style=\"text-align: justify;\">La traves\u00eda desde <span style=\"color: #000000;\">FUKUOKA<\/span>, en Jap\u00f3n, hasta Busan, en \u00a0Korea, transcurre tranquila\u00a0y sin ning\u00fan tipo de incidente, a pesar de que en la prensa se leen habitualmente noticias de que \u00a0\u00abEl Escarabajo\u00bb, como le llaman al hovercraft que une \u00a0los dos puertos anteriormente mencionados, suele tener percances al producirse colisiones entre \u00e9ste y alguna de las muchas ballenas que pululan por el Mar del Jap\u00f3n.<\/p>\n<p style=\"text-align: justify;\">Conforme nos acercamos a las costas coreanas, la segunda ciudad de Corea se ofrece a nuestros ojos, desparramada por colinas y valles, como una ciudad moderna de blancos edificios cubiertos de negra pizarra, sobre los que destacan barrios enteros de edificaciones de unos veinte o veinticinco pisos de altura, construidos con materiales de baja calidad y habitados por clases trabajadoras , como pudimos comprobar posteriormente al pasear \u00a0por sus calles y barrios.<\/p>\n<figure id=\"attachment_130\" aria-describedby=\"caption-attachment-130\" style=\"width: 300px\" class=\"wp-caption alignleft\"><a href=\"https:\/\/www.pacovidal.es\/blog\/wp-content\/uploads\/2016\/02\/DSC03935.jpg\" rel=\"attachment wp-att-130\"><img loading=\"lazy\" decoding=\"async\" class=\"wp-image-130 size-medium\" src=\"https:\/\/www.pacovidal.es\/blog\/wp-content\/uploads\/2016\/02\/DSC03935-300x225.jpg\" alt=\"DSC03935\" width=\"300\" height=\"225\" srcset=\"https:\/\/www.pacovidal.es\/blog\/wp-content\/uploads\/2016\/02\/DSC03935-300x225.jpg 300w, https:\/\/www.pacovidal.es\/blog\/wp-content\/uploads\/2016\/02\/DSC03935-768x576.jpg 768w, https:\/\/www.pacovidal.es\/blog\/wp-content\/uploads\/2016\/02\/DSC03935.jpg 1000w\" sizes=\"auto, (max-width: 300px) 100vw, 300px\" \/><\/a><figcaption id=\"caption-attachment-130\" class=\"wp-caption-text\">Pus\u00e1n desde el mar<\/figcaption><\/figure>\n<p style=\"text-align: justify;\">En la oficina de Informaci\u00f3n Tur\u00edstica del terminal de ferrys, a la que nos dirigimos al llegar a \u00e9ste puerto sure\u00f1o de Corea, nos ofrecen informaci\u00f3n de la ciudad y nos recomiendan el hotel Phoenix.\u00a0A la salida del terminal tomamos un taxi, que por unos 5.00 \u20ac nos deja en la puerta del hotel.<\/p>\n<p style=\"text-align: justify;\">En corea, los taxistas no van con corbata, ni guantes blancos, ni al coche se le abre o cierra la puerta autom\u00e1ticamente, como sucede en Jap\u00f3n. Sin embargo si hay un detalle que llama la atenci\u00f3n; el importe de la carrera no lo solicita el conductor, como sucede en nuestro pa\u00eds y otros tantos sitios. El mismo consta en un recibo que expende el tax\u00edmetro autom\u00e1ticamente. En esto \u00faltimo si son iguales que en el pa\u00eds vecino.<\/p>\n<p style=\"text-align: justify;\">Dejamos las maletas en el hotel, de buen aspecto exterior, pero con olor a rancio en su interior, y nos lanzamos a dar una vuelta por una zona de mercado como las existentes en todas las grandes ciudades asi\u00e1ticas.<\/p>\n<figure id=\"attachment_131\" aria-describedby=\"caption-attachment-131\" style=\"width: 300px\" class=\"wp-caption alignleft\"><a href=\"https:\/\/www.pacovidal.es\/blog\/wp-content\/uploads\/2016\/02\/DSC03936.jpg\" rel=\"attachment wp-att-131\"><img loading=\"lazy\" decoding=\"async\" class=\"wp-image-131 size-medium\" src=\"https:\/\/www.pacovidal.es\/blog\/wp-content\/uploads\/2016\/02\/DSC03936-300x225.jpg\" alt=\"DSC03936\" width=\"300\" height=\"225\" srcset=\"https:\/\/www.pacovidal.es\/blog\/wp-content\/uploads\/2016\/02\/DSC03936-300x225.jpg 300w, https:\/\/www.pacovidal.es\/blog\/wp-content\/uploads\/2016\/02\/DSC03936-768x576.jpg 768w, https:\/\/www.pacovidal.es\/blog\/wp-content\/uploads\/2016\/02\/DSC03936.jpg 1000w\" sizes=\"auto, (max-width: 300px) 100vw, 300px\" \/><\/a><figcaption id=\"caption-attachment-131\" class=\"wp-caption-text\">Paseando por Bus\u00e1n<\/figcaption><\/figure>\n<p style=\"text-align: justify;\">Despu\u00e9s de comer, nos acercamos a la Estaci\u00f3n Central para gestionar el tema de los billetes a Seul en el TKX, equivalente al Shinkansen japon\u00e9s o el AVE espa\u00f1ol, pero de menor calidad y mucho menos confort que los anteriores, como pudimos comprobar m\u00e1s tarde al hacer uso de \u00e9l. Al llegar a la ventanilla, despu\u00e9s de una larga espera, nos encontramos que no hay billetes para la fecha que ten\u00edamos prevista. El empleado empieza a contarnos una historia que no logramos entender bien, (Cuentan que los busanenses hablan un dialecto tan cerrado que los habitantes de la capital del pa\u00eds, Seul, son incapaces de entenderlos. No obstante, yo doy fe, que aunque me hubiese hablado el m\u00e1s refinado y sutil coreano, tampoco lo hubiese entendido) \u00a0por lo que nos ruega, ante nuestra postura de indeterminaci\u00f3n, que nos apartemos y dejemos paso a la larga cola que se estaba formando.<\/p>\n<p style=\"text-align: justify;\">De nuevo en la cola y ante la ventanilla, esta vez nos toca una chica que nos dice que para la fecha solicitada solo nos puede vender billetes de pies, ya que los asientos est\u00e1n todos reservados. Finalmente, conseguimos la primera hora del trayecto con reserva de asientos y las dos restantes, de pies. \u00a0Al menos viajaremos en la fecha prevista.<\/p>\n<p style=\"text-align: justify;\">Antes de marcharnos hacia el Phoenix decidimos hacer una reserva en el Ayrong Hotel para el d\u00eda siguiente, ya que el recomendado por la oficina de Informaci\u00f3n Tur\u00edstica no es de nuestro agrado y a\u00fan nos quedan un par de d\u00edas en la ciudad.<\/p>\n<figure id=\"attachment_132\" aria-describedby=\"caption-attachment-132\" style=\"width: 300px\" class=\"wp-caption alignleft\"><a href=\"https:\/\/www.pacovidal.es\/blog\/wp-content\/uploads\/2016\/02\/DSC04162.jpg\"><img loading=\"lazy\" decoding=\"async\" class=\"wp-image-132 size-medium\" src=\"https:\/\/www.pacovidal.es\/blog\/wp-content\/uploads\/2016\/02\/DSC04162-300x225.jpg\" alt=\"DSC04162\" width=\"300\" height=\"225\" srcset=\"https:\/\/www.pacovidal.es\/blog\/wp-content\/uploads\/2016\/02\/DSC04162-300x225.jpg 300w, https:\/\/www.pacovidal.es\/blog\/wp-content\/uploads\/2016\/02\/DSC04162-768x576.jpg 768w, https:\/\/www.pacovidal.es\/blog\/wp-content\/uploads\/2016\/02\/DSC04162.jpg 1000w\" sizes=\"auto, (max-width: 300px) 100vw, 300px\" \/><\/a><figcaption id=\"caption-attachment-132\" class=\"wp-caption-text\">Pre\u00e1mbulos<\/figcaption><\/figure>\n<p style=\"text-align: justify;\">Es Busan, capital de la provincia de Gyeongsangnam-do, una ciudad de 3.800.000 habitantes con una superficie aproximada de 770 kil\u00f3metros cuadrados, dotada de varias lineas de metro y una amplia red de transportes p\u00fablicos. Posee uno de los mas importante puertos de contenedores de Asia, unos interesantes estudios cinematogr\u00e1ficos asociados a la norteamericana MGM y a trav\u00e9s de su dilatada historia ha quedado sembrada de una larga lista de templos, entre los que destacan, el \u00a0Beomeosa, fundado en el 678 y el Seokbulsa, ubicado en una caverna escavada en la roca, a los pies de la monta\u00f1a Geumjeong, otro de los atractivos tur\u00edsticos para los viajeros que visitan la ciudad, sobre todo para los mas j\u00f3venes.<\/p>\n<p style=\"text-align: justify;\">Para explorar esta metr\u00f3poli del sureste coreano nosotros nos decantamos por compramos unos billetes por 80.000.-Won (60.-\u20ac) para el City Tour Bus, que tiene una parada justo delante de la puerta de nuestro hotel, desde el que puedes bajar y\/o subir en cualquier lugar de la ciudad. Lo que te facilita visitar los lugares m\u00e1s importante de la misma, ya que el recorrido del mismo est\u00e1 pensado para ello.<\/p>\n<figure id=\"attachment_137\" aria-describedby=\"caption-attachment-137\" style=\"width: 300px\" class=\"wp-caption alignright\"><a href=\"https:\/\/www.pacovidal.es\/blog\/wp-content\/uploads\/2016\/02\/DSC03973.jpg\"><img loading=\"lazy\" decoding=\"async\" class=\"wp-image-137 size-medium\" src=\"https:\/\/www.pacovidal.es\/blog\/wp-content\/uploads\/2016\/02\/DSC03973-300x225.jpg\" alt=\"DSC03973\" width=\"300\" height=\"225\" srcset=\"https:\/\/www.pacovidal.es\/blog\/wp-content\/uploads\/2016\/02\/DSC03973-300x225.jpg 300w, https:\/\/www.pacovidal.es\/blog\/wp-content\/uploads\/2016\/02\/DSC03973-768x576.jpg 768w, https:\/\/www.pacovidal.es\/blog\/wp-content\/uploads\/2016\/02\/DSC03973.jpg 1000w\" sizes=\"auto, (max-width: 300px) 100vw, 300px\" \/><\/a><figcaption id=\"caption-attachment-137\" class=\"wp-caption-text\">Tumbas<\/figcaption><\/figure>\n<p style=\"text-align: justify;\">Quiz\u00e1s, el lugar que m\u00e1s nos gust\u00f3 fue el \u00a0WAR MEMORIAL, un hermoso parque donde se rinde homenaje a los m\u00e1s de 500.000 combatientes de los 37 pa\u00edses que, bajo la bandera de la ONU perdieron sus j\u00f3venes vidas, en la d\u00e9cada de los 50 del siglo pasado, luchando contra miles y miles de soldados chinos y norcoreanos que el 27 de junio de 1.950 invadieron Corea del Sur para someterla a la \u00abdictadura del proletariado\u00bb.<\/p>\n<figure id=\"attachment_136\" aria-describedby=\"caption-attachment-136\" style=\"width: 300px\" class=\"wp-caption alignleft\"><a href=\"https:\/\/www.pacovidal.es\/blog\/wp-content\/uploads\/2016\/02\/DSC03980.jpg\"><img loading=\"lazy\" decoding=\"async\" class=\"wp-image-136 size-medium\" src=\"https:\/\/www.pacovidal.es\/blog\/wp-content\/uploads\/2016\/02\/DSC03980-300x225.jpg\" alt=\"DSC03980\" width=\"300\" height=\"225\" srcset=\"https:\/\/www.pacovidal.es\/blog\/wp-content\/uploads\/2016\/02\/DSC03980-300x225.jpg 300w, https:\/\/www.pacovidal.es\/blog\/wp-content\/uploads\/2016\/02\/DSC03980-768x576.jpg 768w, https:\/\/www.pacovidal.es\/blog\/wp-content\/uploads\/2016\/02\/DSC03980.jpg 1000w\" sizes=\"auto, (max-width: 300px) 100vw, 300px\" \/><\/a><figcaption id=\"caption-attachment-136\" class=\"wp-caption-text\">Banderas<\/figcaption><\/figure>\n<p style=\"text-align: justify;\">La bandera espa\u00f1ola no se encuentra entre las tantas que hondean, formando una larga fila, en el interior de tan hermoso parque. Si est\u00e1n, sin embargo, las de pa\u00edses tan poco sospechosos de nada, como no sea de amantes de la democracia, las de Noruega, Canad\u00e1, Australia, o Dinamarca, entre otras.<\/p>\n<p style=\"text-align: justify;\">Caminando entre los centenares de tumbas, perfectamente alineadas y exquisitamente cuidadas, se pregunta uno.<\/p>\n<figure id=\"attachment_135\" aria-describedby=\"caption-attachment-135\" style=\"width: 300px\" class=\"wp-caption alignright\"><a href=\"https:\/\/www.pacovidal.es\/blog\/wp-content\/uploads\/2016\/02\/DSC03979.jpg\"><img loading=\"lazy\" decoding=\"async\" class=\"wp-image-135 size-medium\" src=\"https:\/\/www.pacovidal.es\/blog\/wp-content\/uploads\/2016\/02\/DSC03979-300x225.jpg\" alt=\"DSC03979\" width=\"300\" height=\"225\" srcset=\"https:\/\/www.pacovidal.es\/blog\/wp-content\/uploads\/2016\/02\/DSC03979-300x225.jpg 300w, https:\/\/www.pacovidal.es\/blog\/wp-content\/uploads\/2016\/02\/DSC03979-768x576.jpg 768w, https:\/\/www.pacovidal.es\/blog\/wp-content\/uploads\/2016\/02\/DSC03979.jpg 1000w\" sizes=\"auto, (max-width: 300px) 100vw, 300px\" \/><\/a><figcaption id=\"caption-attachment-135\" class=\"wp-caption-text\">Victimas de la guerra<\/figcaption><\/figure>\n<p style=\"text-align: justify;\">\u00bfCuantos cauces no habr\u00e1n abierto los r\u00edos de lagrimas derramadas por las madres, novias y esposas de aquellos j\u00f3venes que un d\u00eda salieron de sus hogares para no volver nunca m\u00e1s?<\/p>\n<figure id=\"attachment_134\" aria-describedby=\"caption-attachment-134\" style=\"width: 300px\" class=\"wp-caption alignright\"><a href=\"https:\/\/www.pacovidal.es\/blog\/wp-content\/uploads\/2016\/02\/DSC03972.jpg\"><img loading=\"lazy\" decoding=\"async\" class=\"wp-image-134 size-medium\" src=\"https:\/\/www.pacovidal.es\/blog\/wp-content\/uploads\/2016\/02\/DSC03972-300x225.jpg\" alt=\"DSC03972\" width=\"300\" height=\"225\" srcset=\"https:\/\/www.pacovidal.es\/blog\/wp-content\/uploads\/2016\/02\/DSC03972-300x225.jpg 300w, https:\/\/www.pacovidal.es\/blog\/wp-content\/uploads\/2016\/02\/DSC03972-768x576.jpg 768w, https:\/\/www.pacovidal.es\/blog\/wp-content\/uploads\/2016\/02\/DSC03972.jpg 1000w\" sizes=\"auto, (max-width: 300px) 100vw, 300px\" \/><\/a><figcaption id=\"caption-attachment-134\" class=\"wp-caption-text\">Mejor, vivir en libertad sin tener que morir.<\/figcaption><\/figure>\n<p style=\"text-align: justify;\">Entre tantos epitafios llenos de simbolismo, uno nos llam\u00f3 especialmente la atenci\u00f3n, dice as\u00ed:<\/p>\n<p style=\"text-align: center;\">\u00abNING\u00daN LUGAR DEL MUNDO ESTA DEMASIADO LEJOS PARA QUE UN COLOMBIANO MUERA POR LA LIBERTAD\u00bb.<\/p>\n<p style=\"text-align: justify;\">\n","protected":false},"excerpt":{"rendered":"<p>KOREA La traves\u00eda desde FUKUOKA, en Jap\u00f3n, hasta Busan, en \u00a0Korea, transcurre tranquila\u00a0y sin ning\u00fan tipo de incidente, a pesar de que en la prensa se leen habitualmente noticias de que \u00a0\u00abEl Escarabajo\u00bb, como le llaman al hovercraft que une \u00a0los dos puertos anteriormente mencionados, suele tener percances al producirse colisiones entre \u00e9ste y alguna &hellip; <a href=\"https:\/\/www.pacovidal.es\/blog\/por-tierras-de-oriente\/\" class=\"more-link\">Sigue leyendo <span class=\"screen-reader-text\">POR TIERRAS DE ORIENTE<\/span><\/a><\/p>\n","protected":false},"author":2,"featured_media":0,"comment_status":"open","ping_status":"open","sticky":false,"template":"","format":"standard","meta":{"footnotes":""},"categories":[4,24],"tags":[27,25,26],"class_list":["post-76","post","type-post","status-publish","format-standard","hentry","category-asia","category-corea-del-sur","tag-ayrong-hotel","tag-busan","tag-fukuoka"],"_links":{"self":[{"href":"https:\/\/www.pacovidal.es\/blog\/wp-json\/wp\/v2\/posts\/76","targetHints":{"allow":["GET"]}}],"collection":[{"href":"https:\/\/www.pacovidal.es\/blog\/wp-json\/wp\/v2\/posts"}],"about":[{"href":"https:\/\/www.pacovidal.es\/blog\/wp-json\/wp\/v2\/types\/post"}],"author":[{"embeddable":true,"href":"https:\/\/www.pacovidal.es\/blog\/wp-json\/wp\/v2\/users\/2"}],"replies":[{"embeddable":true,"href":"https:\/\/www.pacovidal.es\/blog\/wp-json\/wp\/v2\/comments?post=76"}],"version-history":[{"count":14,"href":"https:\/\/www.pacovidal.es\/blog\/wp-json\/wp\/v2\/posts\/76\/revisions"}],"predecessor-version":[{"id":373,"href":"https:\/\/www.pacovidal.es\/blog\/wp-json\/wp\/v2\/posts\/76\/revisions\/373"}],"wp:attachment":[{"href":"https:\/\/www.pacovidal.es\/blog\/wp-json\/wp\/v2\/media?parent=76"}],"wp:term":[{"taxonomy":"category","embeddable":true,"href":"https:\/\/www.pacovidal.es\/blog\/wp-json\/wp\/v2\/categories?post=76"},{"taxonomy":"post_tag","embeddable":true,"href":"https:\/\/www.pacovidal.es\/blog\/wp-json\/wp\/v2\/tags?post=76"}],"curies":[{"name":"wp","href":"https:\/\/api.w.org\/{rel}","templated":true}]}}