{"id":978,"date":"2016-05-30T19:17:48","date_gmt":"2016-05-30T19:17:48","guid":{"rendered":"http:\/\/www.pacovidal.es\/blog\/?p=978"},"modified":"2017-07-03T09:20:16","modified_gmt":"2017-07-03T07:20:16","slug":"petra-ciudad-de-piedras","status":"publish","type":"post","link":"https:\/\/www.pacovidal.es\/blog\/petra-ciudad-de-piedras\/","title":{"rendered":"PETRA, CIUDAD DE PIEDRAS"},"content":{"rendered":"<p style=\"text-align: left;\">\u00a0 \u00a0 \u00a0 \u00a0 \u00a0 \u00a0 \u00a0 \u00a0 \u00a0 \u00a0 \u00a0 \u00a0 \u00a0 \u00a0 \u00a0 \u00a0 \u00a0 \u00a0 \u00a0 \u00a0 \u00a0 \u00a0 \u00a0 \u00a0 \u00a0 \u00a0 \u00a0 \u00a0 \u00a0 \u00a0 \u00a0 \u00a0 \u00a0 <em>\u00a0(Cuna de civilizaciones, 5)<\/em><\/p>\n<p style=\"text-align: center;\"><strong>El golfo de \u00c1caba<\/strong><\/p>\n<p style=\"text-align: left;\">El Golfo de \u00c1caba, ese brazo de mar de fondo transparente y cristalino, que partiendo del Mar Rojo, va desgarrando estas \u00e1ridas tierras formando, de uno solo, dos enormes y m\u00edticos desiertos: El Sina\u00ed y el Ar\u00e1bico. Esta estrecha manga de agua lame las playas de Eliot y \u00c1caba all\u00ed d\u00f3nde la misma llega a su fin, obsequiando a Israel y Jordania, con \u00a0estrat\u00e9gicas salidas mar\u00edtimas tanto al proceloso \u00cdndico como al m\u00edtico Mediterr\u00e1neo.<\/p>\n<p style=\"text-align: left;\">Este trozo de tierra y mar siempre ejerci\u00f3 sobre mi una gran atracci\u00f3n. Sobre el mapa lo \u00a0identificaba con lo ex\u00f3tico, lejano y legendario.<\/p>\n<p style=\"text-align: left;\">Mezclando lo material con lo on\u00edrico, dejando deliberadamente que ambos se solapen, paseamos so\u00f1olientamente \u00a0por las calles de \u00c1caba, la m\u00e1s acogedora de la ciudades \u00a0jordanas.<\/p>\n<p style=\"text-align: left;\">Su templado clima, estrat\u00e9gica situaci\u00f3n, y cuidados parques, as\u00ed c\u00f3mo la amabilidad y hospitalidad de sus gentes han hecho que en la misma florezca una prospera oferta tur\u00edstica.<\/p>\n<figure id=\"attachment_990\" aria-describedby=\"caption-attachment-990\" style=\"width: 204px\" class=\"wp-caption alignleft\"><a href=\"https:\/\/www.pacovidal.es\/blog\/wp-content\/uploads\/2016\/05\/Petra-Playa-de-\u00c1caba.jpg\"><img loading=\"lazy\" decoding=\"async\" class=\"wp-image-990 size-medium\" src=\"https:\/\/www.pacovidal.es\/blog\/wp-content\/uploads\/2016\/05\/Petra-Playa-de-\u00c1caba-204x300.jpg\" alt=\"Petra, Playa de \u00c1caba\" width=\"204\" height=\"300\" srcset=\"https:\/\/www.pacovidal.es\/blog\/wp-content\/uploads\/2016\/05\/Petra-Playa-de-\u00c1caba-204x300.jpg 204w, https:\/\/www.pacovidal.es\/blog\/wp-content\/uploads\/2016\/05\/Petra-Playa-de-\u00c1caba-768x1129.jpg 768w, https:\/\/www.pacovidal.es\/blog\/wp-content\/uploads\/2016\/05\/Petra-Playa-de-\u00c1caba-696x1024.jpg 696w, https:\/\/www.pacovidal.es\/blog\/wp-content\/uploads\/2016\/05\/Petra-Playa-de-\u00c1caba.jpg 816w\" sizes=\"auto, (max-width: 204px) 100vw, 204px\" \/><\/a><figcaption id=\"caption-attachment-990\" class=\"wp-caption-text\">Playa de \u00c1caba.<\/figcaption><\/figure>\n<p style=\"text-align: left;\">Aqu\u00ed, adem\u00e1s de los propios jordanos y algunos europeos, acuden a pasar horas o d\u00edas de ocio los militares norteamericanos estacionados en la vecina Arabia Saud\u00ed. Ocio que les est\u00e1 completamente vedado en el herm\u00e9tico e intransigente reino de Al Saud, debido a las estrictas leyes cor\u00e1nicas que rigen en \u00e9l.<\/p>\n<p style=\"text-align: left;\">Nada nos recuerda en la actual \u00c1caba a la antigua Ezi\u00f3n-geber de la tierra de Edom, citada ya en el <strong>Libro de los Reyes<\/strong>\u00a0del <strong>Antiguo Testamento.\u00a0<\/strong>Es cierto que al oeste de la ciudad, junto a la frontera con Israel, est\u00e1n las ruinas de Tell Al Khalifa, que los acabenses se empe\u00f1an en identificar con Ezi\u00f3n-geber, lo cual no est\u00e1 confirmado ni hist\u00f3rica ni cient\u00edficamente.<\/p>\n<p style=\"text-align: left;\">C\u00f3mo quiera que los informes meteorol\u00f3gicos nos advierten de las baj\u00edsimas temperaturas que est\u00e1n padeciendo en Amman, alrededor de 0\u00ba C., decidimos permanecer aqu\u00ed unos d\u00edas y acercarnos a visitar la legendaria <strong>Petra,\u00a0<\/strong>distante de \u00c1caba unos 130 kil\u00f3metros, y proseguir posteriormente nuestro viaje hacia la capital del Reino Hachemita.<\/p>\n<p style=\"text-align: center;\"><strong>La Flor del Desierto<\/strong><\/p>\n<p style=\"text-align: left;\">Far\u00e1s, con el que nos dirigimos a<strong>\u00a0Petra,\u00a0<\/strong>de nacionalidad jordana y sangre palestina, serio y profesional, de tez morena, mediana estatura y abultado abdomen, se sirve de un ingl\u00e9s \u00a0-que para s\u00ed quisieran el 90% de los taxistas espa\u00f1oles- \u00a0para expresarnos su admiraci\u00f3n por el desaparecido rey Hussein. As\u00ed mismo nos expresa su convencimiento, de que los pueblos \u00e1rabes y hebreo tienen la obligaci\u00f3n y el deber de entenderse y respetarse mutuamente, si quieren vivir en paz, ya que, seg\u00fan \u00e9l, la paz es a lo m\u00e1s grande que debe aspirar el ser humano. Son tantas las an\u00e9cdotas que nos cuenta, tanto en la ida como en la vuelta, que los trayectos se hacen francamente cortos.<\/p>\n<blockquote>\n<figure id=\"attachment_992\" aria-describedby=\"caption-attachment-992\" style=\"width: 196px\" class=\"wp-caption alignleft\"><a href=\"https:\/\/www.pacovidal.es\/blog\/wp-content\/uploads\/2016\/05\/Petra-El-desfiladero-FILEminimizer.jpg\"><img loading=\"lazy\" decoding=\"async\" class=\"wp-image-992 size-medium\" src=\"https:\/\/www.pacovidal.es\/blog\/wp-content\/uploads\/2016\/05\/Petra-El-desfiladero-FILEminimizer-196x300.jpg\" alt=\"Petra, El desfiladero (FILEminimizer)\" width=\"196\" height=\"300\" srcset=\"https:\/\/www.pacovidal.es\/blog\/wp-content\/uploads\/2016\/05\/Petra-El-desfiladero-FILEminimizer-196x300.jpg 196w, https:\/\/www.pacovidal.es\/blog\/wp-content\/uploads\/2016\/05\/Petra-El-desfiladero-FILEminimizer.jpg 640w\" sizes=\"auto, (max-width: 196px) 100vw, 196px\" \/><\/a><figcaption id=\"caption-attachment-992\" class=\"wp-caption-text\">Desfiladero, al fondo El Tesoro.<\/figcaption><\/figure>\n<p style=\"text-align: left;\"><strong>\u00abEl Tesoro\u00bb,<\/strong> el m\u00e1s importante y mejor conservado edificio de este extra\u00f1o y, hasta hace poco, desconocido enclave.<\/p>\n<\/blockquote>\n<figure id=\"attachment_1009\" aria-describedby=\"caption-attachment-1009\" style=\"width: 224px\" class=\"wp-caption alignright\"><a href=\"https:\/\/www.pacovidal.es\/blog\/wp-content\/uploads\/2016\/05\/otra-del-tesoro.jpg\"><img loading=\"lazy\" decoding=\"async\" class=\"wp-image-1009 size-medium\" src=\"https:\/\/www.pacovidal.es\/blog\/wp-content\/uploads\/2016\/05\/otra-del-tesoro-224x300.jpg\" alt=\"otra del tesoro\" width=\"224\" height=\"300\" srcset=\"https:\/\/www.pacovidal.es\/blog\/wp-content\/uploads\/2016\/05\/otra-del-tesoro-224x300.jpg 224w, https:\/\/www.pacovidal.es\/blog\/wp-content\/uploads\/2016\/05\/otra-del-tesoro.jpg 657w\" sizes=\"auto, (max-width: 224px) 100vw, 224px\" \/><\/a><figcaption id=\"caption-attachment-1009\" class=\"wp-caption-text\">La ciudad rosa.<\/figcaption><\/figure>\n<p style=\"text-align: left;\">A las ocho de la ma\u00f1ana, mucho antes que lleguen los autobuses con las oleadas de turistas, procedentes de \u00c1caba y Aman, estamos entrando por el gran ca\u00f1\u00f3n o desfiladero que despu\u00e9s de, aproximadamente un kil\u00f3metro, nos dejar\u00e1 ante las puertas del<strong> Khazneh,<em> \u00abel Tesoro\u00bb<\/em><\/strong>. El m\u00e1s importante y mejor conservado edificio de este extra\u00f1o y, hasta hace poco, desconocido enclave.<\/p>\n<p style=\"text-align: left;\">Es tanto lo publicado sobre <strong>Petra\u00a0<\/strong>que aqu\u00ed, en tan reducido espacio, poco es lo que podemos a\u00f1adir sobre ella. Si nos decidimos a hacerlo es m\u00e1s por respeto a los posibles seguidores del Blog, si los hubieses, que por lo que seamos capaces de aportar a lo ya conocido sobre la ciudad de los nabateos.<\/p>\n<figure id=\"attachment_996\" aria-describedby=\"caption-attachment-996\" style=\"width: 254px\" class=\"wp-caption alignleft\"><a href=\"https:\/\/www.pacovidal.es\/blog\/wp-content\/uploads\/2016\/05\/Petra-Yo-con-Camello-FILEminimizer.jpg\"><img loading=\"lazy\" decoding=\"async\" class=\"wp-image-996 size-medium\" src=\"https:\/\/www.pacovidal.es\/blog\/wp-content\/uploads\/2016\/05\/Petra-Yo-con-Camello-FILEminimizer-254x300.jpg\" alt=\"Petra Yo con Camello (FILEminimizer)\" width=\"254\" height=\"300\" srcset=\"https:\/\/www.pacovidal.es\/blog\/wp-content\/uploads\/2016\/05\/Petra-Yo-con-Camello-FILEminimizer-254x300.jpg 254w, https:\/\/www.pacovidal.es\/blog\/wp-content\/uploads\/2016\/05\/Petra-Yo-con-Camello-FILEminimizer.jpg 640w\" sizes=\"auto, (max-width: 254px) 100vw, 254px\" \/><\/a><figcaption id=\"caption-attachment-996\" class=\"wp-caption-text\">Como buen caravanista, pagu\u00e9 mi tributo a Petra.<\/figcaption><\/figure>\n<p style=\"text-align: left;\">Se encuentra la<em><strong> \u00abCiudad Rosa\u00bb,<\/strong>\u00a0<\/em>llamada as\u00ed por el color de la piedra que la caracteriza, enclavada en un macizo rocoso que guarda celosamente el tesoro que alberga en su interior. Este farall\u00f3n rocoso cuya formaci\u00f3n semeja gigantescas coliflores, talladas por f\u00e9rreas y cicl\u00f3peas manos, oculta en su vientre esa belleza, salvaje y natural que es<strong> Petra.<\/strong><\/p>\n<p style=\"text-align: left;\">Fue en el interior de este sobrecogedor conglomerado d\u00f3nde los nabateos, tribu n\u00f3mada del este del desierto Ar\u00e1bigo, d\u00f3nde asentaron su poder entre los siglos VI a.d.C. y el II de nuestra era.<\/p>\n<p style=\"text-align: left;\">En el transcurso de esos ocho siglos<strong> Petra\u00a0<\/strong>floreci\u00f3 y cay\u00f3, definitivamente en el anonimato, cuando las caravanas entre Egipto y Siria tomaron otros derroteros, o bien los mercaderes empezaron a utilizar las v\u00edas mar\u00edtimas.<\/p>\n<blockquote>\n<p style=\"text-align: left;\">Este m\u00e9todo les permit\u00eda dedicar menos tiempo a la guerra y mucho m\u00e1s a las artes.<\/p>\n<\/blockquote>\n<figure id=\"attachment_997\" aria-describedby=\"caption-attachment-997\" style=\"width: 300px\" class=\"wp-caption alignright\"><a href=\"https:\/\/www.pacovidal.es\/blog\/wp-content\/uploads\/2016\/05\/Petra-Tumbas-FILEminimizer.jpg\"><img loading=\"lazy\" decoding=\"async\" class=\"wp-image-997 size-medium\" src=\"https:\/\/www.pacovidal.es\/blog\/wp-content\/uploads\/2016\/05\/Petra-Tumbas-FILEminimizer-300x210.jpg\" alt=\"Petra, Tumbas (FILEminimizer)\" width=\"300\" height=\"210\" srcset=\"https:\/\/www.pacovidal.es\/blog\/wp-content\/uploads\/2016\/05\/Petra-Tumbas-FILEminimizer-300x210.jpg 300w, https:\/\/www.pacovidal.es\/blog\/wp-content\/uploads\/2016\/05\/Petra-Tumbas-FILEminimizer.jpg 687w\" sizes=\"auto, (max-width: 300px) 100vw, 300px\" \/><\/a><figcaption id=\"caption-attachment-997\" class=\"wp-caption-text\">\u00bfTumbas?<\/figcaption><\/figure>\n<p style=\"text-align: left;\">Cuando comenz\u00f3 \u00a0su supremac\u00eda sobre el \u00e1rea que controlaban se dedicaron a asaltar las caravanas que transitaban por ella, pero al observar la necesidad de estar en continuo estado de guerra y el gran n\u00famero de enemigos que les ocasionaban sus actos, optaron por otro m\u00e1s simple y refinado. \u00a0Ofrecer protecci\u00f3n y cobrar tributo a todas las caravanas que se ve\u00edan obligadas a pasar por sus dominios. Este m\u00e9todo les permit\u00eda dedicar menos tiempo a la guerra, y mucho m\u00e1s a las artes.<\/p>\n<p style=\"text-align: left;\">C\u00f3mo consecuencia de ello, <strong>Petra\u00a0<\/strong>experiment\u00f3 un fuerte crecimiento cultural, destacando sobre todo en la agricultura y la arquitectura. De la primera nos legaron sus sofisticados sistemas de riego y el estudiado aprovechamiento del agua. De la segunda; veinte siglos m\u00e1s tarde, nos sorprende la perfecci\u00f3n y grandeza de sus edificios, tanto civiles, c\u00f3mo religiosos o funerarios.<\/p>\n<p style=\"text-align: left;\">A continuaci\u00f3n citaremos algunos de los m\u00e1s representativos que pueden contemplarse, hoy en d\u00eda, al visitar <span style=\"color: #993366;\"><strong><em>\u00abLa Flor del Desierto\u00bb<\/em><\/strong><\/span>\u00a0,<span style=\"color: #000000;\"> como la denominan muchos jordanos.<\/span><\/p>\n<figure id=\"attachment_1005\" aria-describedby=\"caption-attachment-1005\" style=\"width: 300px\" class=\"wp-caption alignleft\"><a href=\"https:\/\/www.pacovidal.es\/blog\/wp-content\/uploads\/2016\/05\/El-Tesoro-Petra.jpg\"><img loading=\"lazy\" decoding=\"async\" class=\"wp-image-1005 size-medium\" src=\"https:\/\/www.pacovidal.es\/blog\/wp-content\/uploads\/2016\/05\/El-Tesoro-Petra-300x225.jpg\" alt=\"El Tesoro Petra\" width=\"300\" height=\"225\" srcset=\"https:\/\/www.pacovidal.es\/blog\/wp-content\/uploads\/2016\/05\/El-Tesoro-Petra-300x225.jpg 300w, https:\/\/www.pacovidal.es\/blog\/wp-content\/uploads\/2016\/05\/El-Tesoro-Petra-768x576.jpg 768w, https:\/\/www.pacovidal.es\/blog\/wp-content\/uploads\/2016\/05\/El-Tesoro-Petra-1024x768.jpg 1024w, https:\/\/www.pacovidal.es\/blog\/wp-content\/uploads\/2016\/05\/El-Tesoro-Petra.jpg 1600w\" sizes=\"auto, (max-width: 300px) 100vw, 300px\" \/><\/a><figcaption id=\"caption-attachment-1005\" class=\"wp-caption-text\">El Tesoro, Petra.<\/figcaption><\/figure>\n<p style=\"text-align: left;\"><strong>EL KHAZNEH:<\/strong>\u00a0A pesar de su significado \u00a0-el tesoro, en dialecto bedu\u00edno-\u00a0<strong>\u00a0<\/strong>no significa ello que los nabateos escondiesen sus riquezas en este edificio. Pues fue siglos m\u00e1s tarde cuando se populariz\u00f3 la leyenda de que, unos bandidos hab\u00edan escondido en \u00e9l, un fabuloso tesoro. La construcci\u00f3n del controvertido edificio se llev\u00f3 a cabo entre los siglos I a.d.C. y el \u00a0II de nuestra era.<\/p>\n<figure id=\"attachment_998\" aria-describedby=\"caption-attachment-998\" style=\"width: 300px\" class=\"wp-caption alignright\"><a href=\"https:\/\/www.pacovidal.es\/blog\/wp-content\/uploads\/2016\/05\/Petra-Afiteatro-Petra-FILEminimizer.jpg\"><img loading=\"lazy\" decoding=\"async\" class=\"wp-image-998 size-medium\" src=\"https:\/\/www.pacovidal.es\/blog\/wp-content\/uploads\/2016\/05\/Petra-Afiteatro-Petra-FILEminimizer-300x210.jpg\" alt=\"Petra, Afiteatro Petra (FILEminimizer)\" width=\"300\" height=\"210\" srcset=\"https:\/\/www.pacovidal.es\/blog\/wp-content\/uploads\/2016\/05\/Petra-Afiteatro-Petra-FILEminimizer-300x210.jpg 300w, https:\/\/www.pacovidal.es\/blog\/wp-content\/uploads\/2016\/05\/Petra-Afiteatro-Petra-FILEminimizer.jpg 687w\" sizes=\"auto, (max-width: 300px) 100vw, 300px\" \/><\/a><figcaption id=\"caption-attachment-998\" class=\"wp-caption-text\">Anfiteatro.<\/figcaption><\/figure>\n<p style=\"text-align: left;\"><strong>ANFITEATRO:\u00a0<\/strong>Con capacidad para 8.000 espectadores, muy parecido a los anfiteatros romanos, pero con un grado de inclinaci\u00f3n menos pronunciado en los graderios. Fue este parecido el que llev\u00f3 a pensar que el mismo hab\u00eda sido construido por los romanos, pero despu\u00e9s de recientes excavaciones, entre los eruditos toma fuerza la creencia que el mismo fue construido por los nabateos en el primer siglo de nuestra era.<\/p>\n<figure id=\"attachment_999\" aria-describedby=\"caption-attachment-999\" style=\"width: 199px\" class=\"wp-caption alignleft\"><a href=\"https:\/\/www.pacovidal.es\/blog\/wp-content\/uploads\/2016\/05\/Petra-Primera-tumba-FILEminimizer.jpg\"><img loading=\"lazy\" decoding=\"async\" class=\"wp-image-999 size-medium\" src=\"https:\/\/www.pacovidal.es\/blog\/wp-content\/uploads\/2016\/05\/Petra-Primera-tumba-FILEminimizer-199x300.jpg\" alt=\"Petra, Primera tumba (FILEminimizer)\" width=\"199\" height=\"300\" srcset=\"https:\/\/www.pacovidal.es\/blog\/wp-content\/uploads\/2016\/05\/Petra-Primera-tumba-FILEminimizer-199x300.jpg 199w, https:\/\/www.pacovidal.es\/blog\/wp-content\/uploads\/2016\/05\/Petra-Primera-tumba-FILEminimizer.jpg 640w\" sizes=\"auto, (max-width: 199px) 100vw, 199px\" \/><\/a><figcaption id=\"caption-attachment-999\" class=\"wp-caption-text\">Tumba de la Urna.<\/figcaption><\/figure>\n<p style=\"text-align: left;\"><strong>TUMBAS REALES:\u00a0<\/strong>Son tres, de aspecto realmente impresionante. Vistas desde la <strong>Calle de las Columnas<\/strong>, talladas en la pared vertical que forma el ca\u00f1\u00f3n, semejan templos griegos. La primera es la <strong>Tumba de la urna,\u00a0<\/strong>apoyada sobre una terraza la cual descansa sobre una doble arcada de b\u00f3vedas. Le sigue la <strong>Tumba Corintina \u00a0<\/strong>y por \u00faltimo la<strong> Tumba de Palacio\u00a0<\/strong>que es la \u00fanica simulaci\u00f3n de edificio de tres plantas que hemos podido observar en todo el complejo.<\/p>\n<figure id=\"attachment_1000\" aria-describedby=\"caption-attachment-1000\" style=\"width: 196px\" class=\"wp-caption alignright\"><a href=\"https:\/\/www.pacovidal.es\/blog\/wp-content\/uploads\/2016\/05\/Petra-Avenida-de-las-columnas-FILEminimizer.jpg\"><img loading=\"lazy\" decoding=\"async\" class=\"wp-image-1000 size-medium\" src=\"https:\/\/www.pacovidal.es\/blog\/wp-content\/uploads\/2016\/05\/Petra-Avenida-de-las-columnas-FILEminimizer-196x300.jpg\" alt=\"Petra, Avenida de las columnas (FILEminimizer)\" width=\"196\" height=\"300\" srcset=\"https:\/\/www.pacovidal.es\/blog\/wp-content\/uploads\/2016\/05\/Petra-Avenida-de-las-columnas-FILEminimizer-196x300.jpg 196w, https:\/\/www.pacovidal.es\/blog\/wp-content\/uploads\/2016\/05\/Petra-Avenida-de-las-columnas-FILEminimizer.jpg 640w\" sizes=\"auto, (max-width: 196px) 100vw, 196px\" \/><\/a><figcaption id=\"caption-attachment-1000\" class=\"wp-caption-text\">Avenida de las Columnas.<\/figcaption><\/figure>\n<p style=\"text-align: left;\">Hay quien afirma que la primera de ellas cobij\u00f3 los restos del rey nabateo, Maluchos II, pero nada de esto est\u00e1 probado. Ni siquiera lo est\u00e1 que realmente fuesen tumbas, pero el transcurrir de los a\u00f1os y la imaginaci\u00f3n popular, las bautiz\u00f3 como tales.<\/p>\n<p style=\"text-align: left;\"><strong>CALLE DE LAS COLUMNAS:\u00a0<\/strong>Vista hoy, tal cual, parece que fuese la calle principal, pero, al contrario de lo que suced\u00eda en las ciudades romanas, cuyo cardo, o eje principal, transcurr\u00eda de norte a sur, dicha calle est\u00e1 orientada este oeste.<\/p>\n<figure id=\"attachment_1001\" aria-describedby=\"caption-attachment-1001\" style=\"width: 300px\" class=\"wp-caption alignleft\"><a href=\"https:\/\/www.pacovidal.es\/blog\/wp-content\/uploads\/2016\/05\/Petra-Templo-del-Dios.jpg\"><img loading=\"lazy\" decoding=\"async\" class=\"wp-image-1001 size-medium\" src=\"https:\/\/www.pacovidal.es\/blog\/wp-content\/uploads\/2016\/05\/Petra-Templo-del-Dios-300x208.jpg\" alt=\"Petra Templo del Dios\" width=\"300\" height=\"208\" srcset=\"https:\/\/www.pacovidal.es\/blog\/wp-content\/uploads\/2016\/05\/Petra-Templo-del-Dios-300x208.jpg 300w, https:\/\/www.pacovidal.es\/blog\/wp-content\/uploads\/2016\/05\/Petra-Templo-del-Dios-768x532.jpg 768w, https:\/\/www.pacovidal.es\/blog\/wp-content\/uploads\/2016\/05\/Petra-Templo-del-Dios-1024x709.jpg 1024w, https:\/\/www.pacovidal.es\/blog\/wp-content\/uploads\/2016\/05\/Petra-Templo-del-Dios.jpg 1179w\" sizes=\"auto, (max-width: 300px) 100vw, 300px\" \/><\/a><figcaption id=\"caption-attachment-1001\" class=\"wp-caption-text\">Templo de Dushara, dios de los nabateos.<\/figcaption><\/figure>\n<p style=\"text-align: left;\"><strong>TEMPLO DE DUSHARA:<\/strong>\u00a0 Es el \u00fanico edificio de <strong>Petra\u00a0<\/strong>construido piedra sobre piedra y no tallado en la roca, como el resto ellos. Es evidente que un edificio con unas peculiaridades tan diferentes a los dem\u00e1s, debi\u00f3 estar dedicado a alguien muy especial. Y as\u00ed es. El edificio era la morada del dios de los nabateos. El dios \u00a0<strong>Dushara.<\/strong><\/p>\n<p style=\"text-align: left;\">Posee <strong>Petra,\u00a0<\/strong>centenares, tal vez, miles de edificios, tumbas y cuevas. Con los aqu\u00ed mencionados solo queremos ofrecer una peque\u00f1a, peque\u00f1\u00edsima muestra de los tesoros arquitect\u00f3nicos y arqueol\u00f3gicos que esconde esta enigm\u00e1tica civilizaci\u00f3n, en gran parte, a\u00fan por descubrir.<\/p>\n<p style=\"text-align: left;\">Hace unos d\u00edas le\u00ed en alg\u00fan lugar: <em><strong>\u00abSi solo vas a ver un lugar en Jordania, o incluso en Oriente Medio, has que este sea<\/strong> <strong>PETRA\u00bb.<\/strong><\/em><\/p>\n<p style=\"text-align: left;\">Como quiera que mis a\u00f1os empiezan a ense\u00f1arme que no debo dejarme llevar por el \u00a0fanatismo, la frase anterior la cambiar\u00eda por la siguiente: <span style=\"color: #000080;\"><strong>Si vas a Jordania, o incluso a Oriente Medio, no dejes de visitar PETRA.<\/strong><\/span><\/p>\n<figure id=\"attachment_1003\" aria-describedby=\"caption-attachment-1003\" style=\"width: 300px\" class=\"wp-caption alignleft\"><a href=\"https:\/\/www.pacovidal.es\/blog\/wp-content\/uploads\/2016\/05\/Petra-el-tesoro-FILEminimizer-1.jpg\"><img loading=\"lazy\" decoding=\"async\" class=\"wp-image-1003 size-medium\" src=\"https:\/\/www.pacovidal.es\/blog\/wp-content\/uploads\/2016\/05\/Petra-el-tesoro-FILEminimizer-1-300x225.jpg\" alt=\"Petra el tesoro (FILEminimizer)\" width=\"300\" height=\"225\" srcset=\"https:\/\/www.pacovidal.es\/blog\/wp-content\/uploads\/2016\/05\/Petra-el-tesoro-FILEminimizer-1-300x225.jpg 300w, https:\/\/www.pacovidal.es\/blog\/wp-content\/uploads\/2016\/05\/Petra-el-tesoro-FILEminimizer-1.jpg 639w\" sizes=\"auto, (max-width: 300px) 100vw, 300px\" \/><\/a><figcaption id=\"caption-attachment-1003\" class=\"wp-caption-text\">El Tesoro, Petra.<\/figcaption><\/figure>\n<p style=\"text-align: right;\"><span style=\"color: #000000;\">Paco Vidal<\/span><\/p>\n","protected":false},"excerpt":{"rendered":"<p>\u00a0 \u00a0 \u00a0 \u00a0 \u00a0 \u00a0 \u00a0 \u00a0 \u00a0 \u00a0 \u00a0 \u00a0 \u00a0 \u00a0 \u00a0 \u00a0 \u00a0 \u00a0 \u00a0 \u00a0 \u00a0 \u00a0 \u00a0 \u00a0 \u00a0 \u00a0 \u00a0 \u00a0 \u00a0 \u00a0 \u00a0 \u00a0 \u00a0 \u00a0(Cuna de civilizaciones, 5) El golfo de \u00c1caba El Golfo de \u00c1caba, ese brazo de mar de fondo transparente y cristalino, que &hellip; <a href=\"https:\/\/www.pacovidal.es\/blog\/petra-ciudad-de-piedras\/\" class=\"more-link\">Sigue leyendo <span class=\"screen-reader-text\">PETRA, CIUDAD DE PIEDRAS<\/span><\/a><\/p>\n","protected":false},"author":2,"featured_media":0,"comment_status":"open","ping_status":"open","sticky":false,"template":"","format":"standard","meta":{"footnotes":""},"categories":[36,18],"tags":[],"class_list":["post-978","post","type-post","status-publish","format-standard","hentry","category-jordania","category-oriente-medio"],"_links":{"self":[{"href":"https:\/\/www.pacovidal.es\/blog\/wp-json\/wp\/v2\/posts\/978","targetHints":{"allow":["GET"]}}],"collection":[{"href":"https:\/\/www.pacovidal.es\/blog\/wp-json\/wp\/v2\/posts"}],"about":[{"href":"https:\/\/www.pacovidal.es\/blog\/wp-json\/wp\/v2\/types\/post"}],"author":[{"embeddable":true,"href":"https:\/\/www.pacovidal.es\/blog\/wp-json\/wp\/v2\/users\/2"}],"replies":[{"embeddable":true,"href":"https:\/\/www.pacovidal.es\/blog\/wp-json\/wp\/v2\/comments?post=978"}],"version-history":[{"count":15,"href":"https:\/\/www.pacovidal.es\/blog\/wp-json\/wp\/v2\/posts\/978\/revisions"}],"predecessor-version":[{"id":1013,"href":"https:\/\/www.pacovidal.es\/blog\/wp-json\/wp\/v2\/posts\/978\/revisions\/1013"}],"wp:attachment":[{"href":"https:\/\/www.pacovidal.es\/blog\/wp-json\/wp\/v2\/media?parent=978"}],"wp:term":[{"taxonomy":"category","embeddable":true,"href":"https:\/\/www.pacovidal.es\/blog\/wp-json\/wp\/v2\/categories?post=978"},{"taxonomy":"post_tag","embeddable":true,"href":"https:\/\/www.pacovidal.es\/blog\/wp-json\/wp\/v2\/tags?post=978"}],"curies":[{"name":"wp","href":"https:\/\/api.w.org\/{rel}","templated":true}]}}